{"id":227724,"date":"2025-09-19T12:53:12","date_gmt":"2025-09-19T15:53:12","guid":{"rendered":"https:\/\/corrientesdetarde.com\/?p=227724"},"modified":"2025-09-19T12:53:24","modified_gmt":"2025-09-19T15:53:24","slug":"corrientes-participo-de-la-presentacion-del-informe-final-del-plan-nacional-de-seguridad-vial-para-motociclistas","status":"publish","type":"post","link":"https:\/\/corrientesdetarde.com\/index.php\/informacion-general\/corrientes-participo-de-la-presentacion-del-informe-final-del-plan-nacional-de-seguridad-vial-para-motociclistas\/","title":{"rendered":"Corrientes particip\u00f3 de la presentaci\u00f3n del Informe Final del Plan Nacional de Seguridad Vial para motociclistas"},"content":{"rendered":"\n<p>Bajo el enfoque de Sistema Seguro que\u00a0propone pol\u00edticas p\u00fablicas integradas y basadas en evidencia para reducir de manera estructural la siniestralidad que afecta a los motociclistas,\u00a0este jueves en\u00a0las oficinas del Banco Mundial\u00a0de la provincia de\u00a0Buenos Aires se llev\u00f3 a cabo la presentaci\u00f3n del informe\u00a0final del Plan Nacional de Seguridad Vial para\u00a0motociclistas\u00a0encabezado por su presidente del Consejo Federal de Seguridad Vial,\u00a0Juan Manuel Saloj.<\/p>\n\n\n\n<p><\/p>\n\n\n\n<p>El informe se encuentra financiado por el Global Road Safety Facility del Banco Mundial y cont\u00f3 con la participaci\u00f3n de la Secretar\u00eda de Transporte de la Naci\u00f3n.<\/p>\n\n\n\n<p>En dicho escenario, el presidente del Consejo destac\u00f3 el encuentro calific\u00e1ndolo como un espacio clave para avanzar en la construcci\u00f3n de pol\u00edticas p\u00fablicas que salvan vidas.<\/p>\n\n\n\n<figure class=\"wp-block-image size-full\"><img loading=\"lazy\" decoding=\"async\" width=\"619\" height=\"398\" src=\"https:\/\/corrientesdetarde.com\/wp-content\/uploads\/2025\/09\/image-632.png\" alt=\"\" class=\"wp-image-227730\" srcset=\"https:\/\/corrientesdetarde.com\/wp-content\/uploads\/2025\/09\/image-632.png 619w, https:\/\/corrientesdetarde.com\/wp-content\/uploads\/2025\/09\/image-632-300x193.png 300w\" sizes=\"auto, (max-width: 619px) 100vw, 619px\" \/><\/figure>\n","protected":false},"excerpt":{"rendered":"<p>Bajo el enfoque de Sistema Seguro que\u00a0propone pol\u00edticas p\u00fablicas integradas y basadas en evidencia para reducir de manera estructural la siniestralidad que afecta a los motociclistas,\u00a0este jueves en\u00a0las oficinas del&hellip; <\/p>\n","protected":false},"author":1,"featured_media":227731,"comment_status":"closed","ping_status":"open","sticky":false,"template":"","format":"standard","meta":{"footnotes":""},"categories":[1],"tags":[],"class_list":["post-227724","post","type-post","status-publish","format-standard","has-post-thumbnail","hentry","category-informacion-general"],"_links":{"self":[{"href":"https:\/\/corrientesdetarde.com\/index.php\/wp-json\/wp\/v2\/posts\/227724","targetHints":{"allow":["GET"]}}],"collection":[{"href":"https:\/\/corrientesdetarde.com\/index.php\/wp-json\/wp\/v2\/posts"}],"about":[{"href":"https:\/\/corrientesdetarde.com\/index.php\/wp-json\/wp\/v2\/types\/post"}],"author":[{"embeddable":true,"href":"https:\/\/corrientesdetarde.com\/index.php\/wp-json\/wp\/v2\/users\/1"}],"replies":[{"embeddable":true,"href":"https:\/\/corrientesdetarde.com\/index.php\/wp-json\/wp\/v2\/comments?post=227724"}],"version-history":[{"count":1,"href":"https:\/\/corrientesdetarde.com\/index.php\/wp-json\/wp\/v2\/posts\/227724\/revisions"}],"predecessor-version":[{"id":227732,"href":"https:\/\/corrientesdetarde.com\/index.php\/wp-json\/wp\/v2\/posts\/227724\/revisions\/227732"}],"wp:featuredmedia":[{"embeddable":true,"href":"https:\/\/corrientesdetarde.com\/index.php\/wp-json\/wp\/v2\/media\/227731"}],"wp:attachment":[{"href":"https:\/\/corrientesdetarde.com\/index.php\/wp-json\/wp\/v2\/media?parent=227724"}],"wp:term":[{"taxonomy":"category","embeddable":true,"href":"https:\/\/corrientesdetarde.com\/index.php\/wp-json\/wp\/v2\/categories?post=227724"},{"taxonomy":"post_tag","embeddable":true,"href":"https:\/\/corrientesdetarde.com\/index.php\/wp-json\/wp\/v2\/tags?post=227724"}],"curies":[{"name":"wp","href":"https:\/\/api.w.org\/{rel}","templated":true}]}}