{"id":227734,"date":"2025-09-19T12:56:42","date_gmt":"2025-09-19T15:56:42","guid":{"rendered":"https:\/\/corrientesdetarde.com\/?p=227734"},"modified":"2025-09-19T12:56:51","modified_gmt":"2025-09-19T15:56:51","slug":"la-costanera-sur-permanecera-cerrada-al-transito-por-el-desfile-de-primavera-de-los-cdi","status":"publish","type":"post","link":"https:\/\/corrientesdetarde.com\/index.php\/destacados\/la-costanera-sur-permanecera-cerrada-al-transito-por-el-desfile-de-primavera-de-los-cdi\/","title":{"rendered":"La Costanera Sur permanecer\u00e1 cerrada al tr\u00e1nsito por el desfile de primavera de los CDI"},"content":{"rendered":"\n<p>La ciudad se prepara para vivir una jornada especial con el tradicional<strong>\u00a0desfile de primavera\u00a0<\/strong>de los<strong>\u00a0Centros de Desarrollo Infantil (CDI),<\/strong>\u00a0que este a\u00f1o volver\u00e1 a te\u00f1ir de color y alegr\u00eda la\u00a0<strong>Costanera Sur.\u00a0<\/strong>Para garantizar la seguridad de los ni\u00f1os y de los asistentes, la Municipalidad inform\u00f3 este jueves que el tr\u00e1nsito estar\u00e1 interrumpido\u00a0<strong>este lunes, de 14 a 20, en el tramo comprendido entre la calle General Paz y la avenida Jorge Romero.<\/strong><\/p>\n\n\n\n<p><\/p>\n\n\n\n<h3 class=\"wp-block-heading\">El comunicado del Municipio<\/h3>\n\n\n\n<p>\u201cEste lunes 22 de septiembre, de 14 a 20, se interrumpir\u00e1 la circulaci\u00f3n en la Costanera Sur, desde General Paz hasta Jorge Romero, debido al desfile organizado por los Centros de Desarrollo Infantil\u201d, se\u00f1alaron en las redes sociales del Municipio.&nbsp;<\/p>\n\n\n\n<h3 class=\"wp-block-heading\">La celebraci\u00f3n de los m\u00e1s peque\u00f1os<\/h3>\n\n\n\n<p><strong>El Desfile de Primavera<\/strong>&nbsp;re\u00fane cada a\u00f1o a cientos de familias, docentes y peque\u00f1os que&nbsp;<strong>participan con disfraces y propuestas recreativas.<\/strong>&nbsp;Se trata de una fiesta que celebra la infancia, la creatividad y la llegada de la nueva estaci\u00f3n.&nbsp;<\/p>\n\n\n\n<p>Por lo que recomiendan a los automovilistas evitar circular por la zona durante el desarrollo del evento y utilizar v\u00edas alternativas. Adem\u00e1s, se har\u00e1 un operativo especial de tr\u00e1nsito y seguridad para ordenar la circulaci\u00f3n en los accesos cercanos.<\/p>\n","protected":false},"excerpt":{"rendered":"<p>La ciudad se prepara para vivir una jornada especial con el tradicional\u00a0desfile de primavera\u00a0de los\u00a0Centros de Desarrollo Infantil (CDI),\u00a0que este a\u00f1o volver\u00e1 a te\u00f1ir de color y alegr\u00eda la\u00a0Costanera Sur.\u00a0Para&hellip; <\/p>\n","protected":false},"author":1,"featured_media":227737,"comment_status":"closed","ping_status":"open","sticky":false,"template":"","format":"standard","meta":{"footnotes":""},"categories":[26],"tags":[],"class_list":["post-227734","post","type-post","status-publish","format-standard","has-post-thumbnail","hentry","category-destacados"],"_links":{"self":[{"href":"https:\/\/corrientesdetarde.com\/index.php\/wp-json\/wp\/v2\/posts\/227734","targetHints":{"allow":["GET"]}}],"collection":[{"href":"https:\/\/corrientesdetarde.com\/index.php\/wp-json\/wp\/v2\/posts"}],"about":[{"href":"https:\/\/corrientesdetarde.com\/index.php\/wp-json\/wp\/v2\/types\/post"}],"author":[{"embeddable":true,"href":"https:\/\/corrientesdetarde.com\/index.php\/wp-json\/wp\/v2\/users\/1"}],"replies":[{"embeddable":true,"href":"https:\/\/corrientesdetarde.com\/index.php\/wp-json\/wp\/v2\/comments?post=227734"}],"version-history":[{"count":1,"href":"https:\/\/corrientesdetarde.com\/index.php\/wp-json\/wp\/v2\/posts\/227734\/revisions"}],"predecessor-version":[{"id":227738,"href":"https:\/\/corrientesdetarde.com\/index.php\/wp-json\/wp\/v2\/posts\/227734\/revisions\/227738"}],"wp:featuredmedia":[{"embeddable":true,"href":"https:\/\/corrientesdetarde.com\/index.php\/wp-json\/wp\/v2\/media\/227737"}],"wp:attachment":[{"href":"https:\/\/corrientesdetarde.com\/index.php\/wp-json\/wp\/v2\/media?parent=227734"}],"wp:term":[{"taxonomy":"category","embeddable":true,"href":"https:\/\/corrientesdetarde.com\/index.php\/wp-json\/wp\/v2\/categories?post=227734"},{"taxonomy":"post_tag","embeddable":true,"href":"https:\/\/corrientesdetarde.com\/index.php\/wp-json\/wp\/v2\/tags?post=227734"}],"curies":[{"name":"wp","href":"https:\/\/api.w.org\/{rel}","templated":true}]}}