{"id":227739,"date":"2025-09-19T13:35:25","date_gmt":"2025-09-19T16:35:25","guid":{"rendered":"https:\/\/corrientesdetarde.com\/?p=227739"},"modified":"2025-09-19T13:35:37","modified_gmt":"2025-09-19T16:35:37","slug":"clausura-2025-riestra-y-gimnasia-abren-la-novena-fecha","status":"publish","type":"post","link":"https:\/\/corrientesdetarde.com\/index.php\/deportes\/clausura-2025-riestra-y-gimnasia-abren-la-novena-fecha\/","title":{"rendered":"CLAUSURA 2025: RIESTRA Y GIMNASIA ABREN LA NOVENA FECHA"},"content":{"rendered":"\n<p>(Nicol\u00e1s Reif \/\/ Coco Ram\u00f3n) &#8211; El malevo y el lobo abren un viernes cargado de f\u00fatbol.<br>La novena fecha del Clausura 2025 de la Liga Profesional del f\u00fatbol argentino dar\u00e1 inicio este viernes con cuatro encuentros. En primer turno, desde las 17 horas, por TNT Sports, Deportivo Riestra intentar\u00e1 sostener su incre\u00edble invicto como local ante un irregular Gimnasia de La Plata.<br>Posteriormente, a las 19 horas, por ESPN Premium, Hurac\u00e1n buscar\u00e1 dejar los tres puntos en casa cuando reciba a un Racing Club alternativo con la mente puesta en la Copa Libertadores.<br>Quince minutos m\u00e1s tarde dar\u00e1 inicio el duelo entre San Mart\u00edn y V\u00e9lez en San Juan (TNT Sports). El santo sanjuanino, al igual que el globo, tratar\u00e1 sacar ventaja ante un V\u00e9lez con la cabeza puesta en revertir la serie contra Racing el pr\u00f3ximo martes.<\/p>\n\n\n\n<figure class=\"wp-block-embed is-type-video is-provider-youtube wp-block-embed-youtube wp-embed-aspect-16-9 wp-has-aspect-ratio\"><div class=\"wp-block-embed__wrapper\">\n<iframe loading=\"lazy\" title=\"Hurac\u00e1n y Racing protagonizan la 9* fecha \" width=\"1110\" height=\"624\" src=\"https:\/\/www.youtube.com\/embed\/EXOCmdlypx4?feature=oembed\" frameborder=\"0\" allow=\"accelerometer; autoplay; clipboard-write; encrypted-media; gyroscope; picture-in-picture; web-share\" referrerpolicy=\"strict-origin-when-cross-origin\" allowfullscreen><\/iframe>\n<\/div><\/figure>\n\n\n\n<p><br>Finalmente, la jornada futbolera de viernes concluir\u00e1 en La Fortaleza con el partido entre Lan\u00fas y Platense desde las 21.15 por ESPN. A d\u00edas de viajar a Brasil luego del triunfo 1 a 0 en la ida en Buenos Aires ante Fluminense, el granate ir\u00e1 por una nueva inyecci\u00f3n an\u00edmica ante el \u00faltimo campe\u00f3n.<\/p>\n","protected":false},"excerpt":{"rendered":"<p>(Nicol\u00e1s Reif \/\/ Coco Ram\u00f3n) &#8211; El malevo y el lobo abren un viernes cargado de f\u00fatbol.La novena fecha del Clausura 2025 de la Liga Profesional del f\u00fatbol argentino dar\u00e1&hellip; <\/p>\n","protected":false},"author":11,"featured_media":227740,"comment_status":"closed","ping_status":"open","sticky":false,"template":"","format":"standard","meta":{"footnotes":""},"categories":[4],"tags":[],"class_list":["post-227739","post","type-post","status-publish","format-standard","has-post-thumbnail","hentry","category-deportes"],"_links":{"self":[{"href":"https:\/\/corrientesdetarde.com\/index.php\/wp-json\/wp\/v2\/posts\/227739","targetHints":{"allow":["GET"]}}],"collection":[{"href":"https:\/\/corrientesdetarde.com\/index.php\/wp-json\/wp\/v2\/posts"}],"about":[{"href":"https:\/\/corrientesdetarde.com\/index.php\/wp-json\/wp\/v2\/types\/post"}],"author":[{"embeddable":true,"href":"https:\/\/corrientesdetarde.com\/index.php\/wp-json\/wp\/v2\/users\/11"}],"replies":[{"embeddable":true,"href":"https:\/\/corrientesdetarde.com\/index.php\/wp-json\/wp\/v2\/comments?post=227739"}],"version-history":[{"count":1,"href":"https:\/\/corrientesdetarde.com\/index.php\/wp-json\/wp\/v2\/posts\/227739\/revisions"}],"predecessor-version":[{"id":227741,"href":"https:\/\/corrientesdetarde.com\/index.php\/wp-json\/wp\/v2\/posts\/227739\/revisions\/227741"}],"wp:featuredmedia":[{"embeddable":true,"href":"https:\/\/corrientesdetarde.com\/index.php\/wp-json\/wp\/v2\/media\/227740"}],"wp:attachment":[{"href":"https:\/\/corrientesdetarde.com\/index.php\/wp-json\/wp\/v2\/media?parent=227739"}],"wp:term":[{"taxonomy":"category","embeddable":true,"href":"https:\/\/corrientesdetarde.com\/index.php\/wp-json\/wp\/v2\/categories?post=227739"},{"taxonomy":"post_tag","embeddable":true,"href":"https:\/\/corrientesdetarde.com\/index.php\/wp-json\/wp\/v2\/tags?post=227739"}],"curies":[{"name":"wp","href":"https:\/\/api.w.org\/{rel}","templated":true}]}}