{"id":227742,"date":"2025-09-19T13:39:30","date_gmt":"2025-09-19T16:39:30","guid":{"rendered":"https:\/\/corrientesdetarde.com\/?p=227742"},"modified":"2025-09-19T13:39:57","modified_gmt":"2025-09-19T16:39:57","slug":"fin-de-semana-cultural-portena-con-nacha-como-protagonista","status":"publish","type":"post","link":"https:\/\/corrientesdetarde.com\/index.php\/cultura\/fin-de-semana-cultural-portena-con-nacha-como-protagonista\/","title":{"rendered":"FIN DE SEMANA CULTURAL PORTE\u00d1O CON NACHA COMO PROTAGONISTA"},"content":{"rendered":"\n<p>(Por Bel\u00e9n Papa Orfano) &#8211; Este fin de semana el Museo de Arte Moderno inaugura su gran muestra anual dedicada a Nacha Guevara. Tambi\u00e9n habr\u00e1 m\u00fasica de films cl\u00e1sicos de la mano de la La Banda Sinf\u00f3nica de la Ciudad y teatro protagonizado por el gal\u00e1n de todos los tiempos, Antonio Grimau.<\/p>\n\n\n\n<p>ARTE<\/p>\n\n\n\n<p>Nacha Guevara llega al Museo de Arte Moderno. Actriz, cantante, modelo, compositora y conductora de televisi\u00f3n, Nacha Guevara supo concebir el arte como una herramienta de transformaci\u00f3n social. Y ahora una muestra reivindica su protagonismo en la historia del arte. Se inaugura este viernes a las 18 y se podr\u00e1 visitar de mi\u00e9rcoles a lunes, entre las 11 y las 19, hasta febrero de 2026.<\/p>\n\n\n\n<p>Museo de arte Moderno &#8211; Av. San Juan 350<\/p>\n\n\n\n<p>M\u00daSICA<\/p>\n\n\n\n<p>La Banda Sinf\u00f3nica de la Ciudad interpretar\u00e1 algunas de las bandas sonoras m\u00e1s emblem\u00e1ticas del cine, como las de Star Wars y E.T., de John Williams, o filmes mudos de Charles Chaplin. Ser\u00e1 en la Usina del Arte con entrada gratuita e inscripci\u00f3n previa en usinadelarte.ar<\/p>\n\n\n\n<p>Usina del Arte &#8211; Caffarena 1<\/p>\n\n\n\n<p>CINE<\/p>\n\n\n\n<p>En el Ciclo Viernes de Chicas, el Centro Cultural Recoleta proyectar\u00e1 Legalmente rubia, dirigida por Robert Luketic. Elle Woods es el prototipo absoluto de la chica fr\u00edvola de Beverly Hills. Por un desencanto amoroso se plantea entrar a la escuela de leyes de Harvard. La funci\u00f3n ser\u00e1 el viernes 19 a las 18 horas. Reservas en www.entradasba.buenosaires.gob.ar. No se suspende por lluvia.<\/p>\n\n\n\n<p>Centro Cultural Recoleta &#8211; Jun\u00edn 1930.<\/p>\n\n\n\n<p>TEATRO<\/p>\n\n\n\n<p>La obra D\u00e9jame amarte, de Irina Alonso y protagonizada por el gal\u00e1n Antonio Grimau es un culebr\u00f3n con canciones, abrigos de piel y pasiones que desaf\u00edan la cordura. Funciones los domingos 21 y 28 a las 18 horas en el Centro Cultural 25 de Mayo. Entrada sin costo con reserva previa en www.entradasba.buenosaires.gob.ar en la boleter\u00eda del teatro.<\/p>\n\n\n\n<p>Centro Cultural 25 de Mayo &#8211; Av. Triunvirato 4444<\/p>\n\n\n\n<p>PARA LOS M\u00c1S CHICOS<\/p>\n\n\n\n<p>Llega desde Francia un espect\u00e1culo gratuito y para toda la familia que fusiona el circo y la danza. Presentado por la compa\u00f1\u00eda Lamento y L\u2019Acad\u00e9mie Fratellini, BasarKus no es un ser como los dem\u00e1s: tiene dos cabezas, muchos brazos y varias piernas. Siempre fue as\u00ed y es feliz. Habr\u00e1 dos \u00fanicas funciones: este viernes, a las 15, y el s\u00e1bado, a las 11. Ser\u00e1 en el hall del Teatro San Mart\u00edn.<\/p>\n\n\n\n<p>Teatro San Martin &#8211; Av. Corrientes 1530<\/p>\n","protected":false},"excerpt":{"rendered":"<p>(Por Bel\u00e9n Papa Orfano) &#8211; Este fin de semana el Museo de Arte Moderno inaugura su gran muestra anual dedicada a Nacha Guevara. Tambi\u00e9n habr\u00e1 m\u00fasica de films cl\u00e1sicos de&hellip; <\/p>\n","protected":false},"author":11,"featured_media":227743,"comment_status":"closed","ping_status":"open","sticky":false,"template":"","format":"standard","meta":{"footnotes":""},"categories":[15],"tags":[],"class_list":["post-227742","post","type-post","status-publish","format-standard","has-post-thumbnail","hentry","category-cultura"],"_links":{"self":[{"href":"https:\/\/corrientesdetarde.com\/index.php\/wp-json\/wp\/v2\/posts\/227742","targetHints":{"allow":["GET"]}}],"collection":[{"href":"https:\/\/corrientesdetarde.com\/index.php\/wp-json\/wp\/v2\/posts"}],"about":[{"href":"https:\/\/corrientesdetarde.com\/index.php\/wp-json\/wp\/v2\/types\/post"}],"author":[{"embeddable":true,"href":"https:\/\/corrientesdetarde.com\/index.php\/wp-json\/wp\/v2\/users\/11"}],"replies":[{"embeddable":true,"href":"https:\/\/corrientesdetarde.com\/index.php\/wp-json\/wp\/v2\/comments?post=227742"}],"version-history":[{"count":2,"href":"https:\/\/corrientesdetarde.com\/index.php\/wp-json\/wp\/v2\/posts\/227742\/revisions"}],"predecessor-version":[{"id":227745,"href":"https:\/\/corrientesdetarde.com\/index.php\/wp-json\/wp\/v2\/posts\/227742\/revisions\/227745"}],"wp:featuredmedia":[{"embeddable":true,"href":"https:\/\/corrientesdetarde.com\/index.php\/wp-json\/wp\/v2\/media\/227743"}],"wp:attachment":[{"href":"https:\/\/corrientesdetarde.com\/index.php\/wp-json\/wp\/v2\/media?parent=227742"}],"wp:term":[{"taxonomy":"category","embeddable":true,"href":"https:\/\/corrientesdetarde.com\/index.php\/wp-json\/wp\/v2\/categories?post=227742"},{"taxonomy":"post_tag","embeddable":true,"href":"https:\/\/corrientesdetarde.com\/index.php\/wp-json\/wp\/v2\/tags?post=227742"}],"curies":[{"name":"wp","href":"https:\/\/api.w.org\/{rel}","templated":true}]}}