{"id":227755,"date":"2025-09-19T18:49:55","date_gmt":"2025-09-19T21:49:55","guid":{"rendered":"https:\/\/corrientesdetarde.com\/?p=227755"},"modified":"2025-09-19T18:50:01","modified_gmt":"2025-09-19T21:50:01","slug":"sin-servicio-de-colectivos-chaco-corrientes-por-el-grave-accidente-en-el-puente","status":"publish","type":"post","link":"https:\/\/corrientesdetarde.com\/index.php\/destacados\/sin-servicio-de-colectivos-chaco-corrientes-por-el-grave-accidente-en-el-puente\/","title":{"rendered":"Sin servicio de colectivos Chaco-Corrientes por el grave accidente en el puente"},"content":{"rendered":"\n<p>El grave choque en cadena ocurrido este viernes en el puente&nbsp;<strong>General Manuel Belgrano<\/strong>&nbsp;gener\u00f3 un verdadero caos en la&nbsp;<strong>conexi\u00f3n entre Chaco y Corrientes<\/strong>. Desde las 16,30, el&nbsp;<strong>servicio de colectivos<\/strong>&nbsp;que une ambas capitales&nbsp;<strong>qued\u00f3 suspendido&nbsp;<\/strong>hasta nuevo aviso, lo que obliga a cientos de usuarios a cruzar a pie.<strong>&nbsp;Esta situaci\u00f3n podr\u00eda continuar hasta las 22.<\/strong><\/p>\n\n\n\n<p>En los grupos de comunicaci\u00f3n que utilizan habitualmente los pasajeros para informarse sobre el estado del puente, se confirm\u00f3:&nbsp;<strong>\u201cEl Servicio de Colectivos Chaco-Corrientes se encuentra sin servicio. Ninguna empresa puede circular por el puente debido al corte\u201d.<\/strong><\/p>\n\n\n\n<h3 class=\"wp-block-heading\">Usuarios varados en ambos lados&nbsp;<\/h3>\n\n\n\n<p>La interrupci\u00f3n deriva en largas filas y demoras de hasta cuatro horas. Se estima que la situaci\u00f3n podr\u00eda normalizarse&nbsp;<strong>reci\u00e9n hacia las 22<\/strong>, aunque no hay confirmaci\u00f3n oficial de las autoridades.<\/p>\n\n\n\n<p>En cuanto al tr\u00e1nsito particular, del lado chaque\u00f1o los veh\u00edculos solo pueden circular hasta la zona de la rotonda cercana a la estaci\u00f3n de servicio YPF. Por el lado correntino, se permite llegar hasta la explanada del puente, donde muchos usuarios optan por continuar a pie para no quedar varados.<\/p>\n\n\n\n<p>Mientras tanto, los pasajeros expresaron su malestar en redes sociales por la falta de alternativas de transporte y reclamaron informaci\u00f3n m\u00e1s clara sobre la reanudaci\u00f3n del servicio.<\/p>\n","protected":false},"excerpt":{"rendered":"<p>El grave choque en cadena ocurrido este viernes en el puente&nbsp;General Manuel Belgrano&nbsp;gener\u00f3 un verdadero caos en la&nbsp;conexi\u00f3n entre Chaco y Corrientes. Desde las 16,30, el&nbsp;servicio de colectivos&nbsp;que une ambas&hellip; <\/p>\n","protected":false},"author":1,"featured_media":227756,"comment_status":"closed","ping_status":"open","sticky":false,"template":"","format":"standard","meta":{"footnotes":""},"categories":[26],"tags":[],"class_list":["post-227755","post","type-post","status-publish","format-standard","has-post-thumbnail","hentry","category-destacados"],"_links":{"self":[{"href":"https:\/\/corrientesdetarde.com\/index.php\/wp-json\/wp\/v2\/posts\/227755","targetHints":{"allow":["GET"]}}],"collection":[{"href":"https:\/\/corrientesdetarde.com\/index.php\/wp-json\/wp\/v2\/posts"}],"about":[{"href":"https:\/\/corrientesdetarde.com\/index.php\/wp-json\/wp\/v2\/types\/post"}],"author":[{"embeddable":true,"href":"https:\/\/corrientesdetarde.com\/index.php\/wp-json\/wp\/v2\/users\/1"}],"replies":[{"embeddable":true,"href":"https:\/\/corrientesdetarde.com\/index.php\/wp-json\/wp\/v2\/comments?post=227755"}],"version-history":[{"count":1,"href":"https:\/\/corrientesdetarde.com\/index.php\/wp-json\/wp\/v2\/posts\/227755\/revisions"}],"predecessor-version":[{"id":227757,"href":"https:\/\/corrientesdetarde.com\/index.php\/wp-json\/wp\/v2\/posts\/227755\/revisions\/227757"}],"wp:featuredmedia":[{"embeddable":true,"href":"https:\/\/corrientesdetarde.com\/index.php\/wp-json\/wp\/v2\/media\/227756"}],"wp:attachment":[{"href":"https:\/\/corrientesdetarde.com\/index.php\/wp-json\/wp\/v2\/media?parent=227755"}],"wp:term":[{"taxonomy":"category","embeddable":true,"href":"https:\/\/corrientesdetarde.com\/index.php\/wp-json\/wp\/v2\/categories?post=227755"},{"taxonomy":"post_tag","embeddable":true,"href":"https:\/\/corrientesdetarde.com\/index.php\/wp-json\/wp\/v2\/tags?post=227755"}],"curies":[{"name":"wp","href":"https:\/\/api.w.org\/{rel}","templated":true}]}}