{"id":227814,"date":"2025-09-19T23:28:00","date_gmt":"2025-09-20T02:28:00","guid":{"rendered":"https:\/\/corrientesdetarde.com\/?p=227814"},"modified":"2025-09-19T23:28:20","modified_gmt":"2025-09-20T02:28:20","slug":"museo-del-chamame-se-presento-el-proyecto-de-refuncionalizacion-con-nuevas-salas-e-incorporacion-de-donaciones","status":"publish","type":"post","link":"https:\/\/corrientesdetarde.com\/index.php\/cultura\/museo-del-chamame-se-presento-el-proyecto-de-refuncionalizacion-con-nuevas-salas-e-incorporacion-de-donaciones\/","title":{"rendered":"Museo del Chamam\u00e9: se present\u00f3 el proyecto de refuncionalizaci\u00f3n con nuevas salas e incorporaci\u00f3n de donaciones"},"content":{"rendered":"\n<p><em>El Instituto de Cultura de Corrientes present\u00f3 hoy a la ma\u00f1ana el proyecto de refuncionalizaci\u00f3n del espacio cultural decicado al chamam\u00e9 (25 de Mayo 1141), que pasar\u00e1 a llamarse Museo Correntino del Chamam\u00e9.<\/em><\/p>\n\n\n\n<p>En el D\u00eda Nacional del Chamam\u00e9, la presidente del Instituto de Cultura, Beatriz Kunin, fue la encargada de destacar el trabajo que viene llevando adelante un equipo de especialistas, con el apoyo y asesoramiento de la Fundaci\u00f3n Memoria del Chamam\u00e9.<br><br>&#8220;Hemos decidido tomar esta fecha tan querida a los sentimientos correntinos, para hacer la presentaci\u00f3n de lo que significa la refuncionalizaci\u00f3n de este espacio y su cambio de nombre por Museo Correntino del Chamam\u00e9&#8221;, destac\u00f3.<\/p>\n\n\n\n<figure class=\"wp-block-image size-full\"><img loading=\"lazy\" decoding=\"async\" width=\"672\" height=\"786\" src=\"https:\/\/corrientesdetarde.com\/wp-content\/uploads\/2025\/09\/image-646.png\" alt=\"\" class=\"wp-image-227815\" srcset=\"https:\/\/corrientesdetarde.com\/wp-content\/uploads\/2025\/09\/image-646.png 672w, https:\/\/corrientesdetarde.com\/wp-content\/uploads\/2025\/09\/image-646-256x300.png 256w\" sizes=\"auto, (max-width: 672px) 100vw, 672px\" \/><\/figure>\n\n\n\n<p><br><br>Record\u00f3 que el actual edificio no es propiedad del Estado provincial -fue cedido para su uso por el Autom\u00f3vil Club Argentino-, por lo cual, &#8220;no podemos hacer obras edilicias&#8221;.<br><br>Por tal motivo, explic\u00f3: &#8220;Vamos a hacer una reestructuraci\u00f3n interna de la manera de mostrar el contenido. Adem\u00e1s, la sala de las mujeres chamameceras que se encuentra en un entrepiso, va a pasar a formar parte de la planta baja, y vamos a refuncionalizar el patio para que tambi\u00e9n puedan hacerse actividades de chamam\u00e9&#8221;.<br><br>Por \u00faltimo, indic\u00f3 que &#8220;se est\u00e1 trabajando intensamente en todo lo que es el acopio del material, much\u00edsimas donaciones, con la colaboraci\u00f3n del Topo Zubieta de Fundaci\u00f3n Memoria del Chamam\u00e9, de la familia Miqueri, y trayendo de Buenos Aires todo lo que dej\u00f3 Ramona Galarza para que sea puesto aqu\u00ed en el Museo del Chamam\u00e9, desde el vestuario, el disco de oro que recibi\u00f3, fotograf\u00edas, muchos recortes de diarios. Hay un equipo trabajando en esto, y en poco tiempo se va a poder inaugurar&#8221;.<br><br><strong>Espacio renovado<\/strong><br><br>El Espacio Cultural del Chamam\u00e9 de Corrientes se renueva para ofrecer una experiencia m\u00e1s did\u00e1ctica y din\u00e1mica a sus visitantes. Con un dise\u00f1o de recorrido m\u00e1s fluido, el objetivo es destacar la riqueza cultural del g\u00e9nero y la invaluable contribuci\u00f3n de sus protagonistas.<br>\u00a0<br>El proyecto, coordinado por un equipo de profesionales del \u00e1rea de Patrimonio Inmaterial Cecilia Ramirez y Rosana Romero, la directora del Centro de Interpretaci\u00f3n del Chamam\u00e9 Virginia Ramirez, la muse\u00f3loga Patricia Tesoriere, el dise\u00f1ador gr\u00e1fico Tito Pi\u00f1eiro y la arquitecta Eleonora Luque, tom\u00f3 como base el valioso material de la Fundaci\u00f3n Memoria del Chamam\u00e9.<br><br>El nuevo recorrido se divide en las dos salas :<br>\u00a0<br><strong>Sala 1:<\/strong><br>Contexto Socio Hist\u00f3rico y Cultural del Chamam\u00e9: Esta sala se centra en surgimiento y expansi\u00f3n del g\u00e9nero. Un t\u00f3tem interactivo permitir\u00e1 a los visitantes explorar la historia y la m\u00fasica de las ciudades cabecera de cada departamento.<br>\u00a0<br><strong>Sala 2:<\/strong><br>Un recorrido en tres actos: Dividida en tres secciones, esta sala profundiza en distintos aspectos del Chamam\u00e9:<br>\u00a0<br><strong>Sala 2 A<\/strong><br>La Fiesta y Acontecimientos:<br>Se celebra la Fiesta Nacional del Chamam\u00e9 a trav\u00e9s de una l\u00ednea de tiempo que resalta sus hitos m\u00e1s importantes, incluyendo el reconocimiento del Chamam\u00e9 como Patrimonio Cultural del Mercosur y su incorporaci\u00f3n a la Lista Representativa del Patrimonio Cultural Inmaterial de la Humanidad.<br>\u00a0<br><strong>Sala 2B<\/strong><br>Referentes, Vestimenta y Baile:<br>Se rinde homenaje a los m\u00fasicos que enriquecieron la m\u00fasica tradicional de Corrientes, adem\u00e1s de destacar la importancia de la danza y la vestimenta t\u00edpica.<br>\u00a0<br><strong>Sala 2 C<\/strong><br>Mujeres del Chamam\u00e9:<br>Un espacio dedicado enteramente a las mujeres de la m\u00fasica correntina, reconociendo su fundamental aporte al g\u00e9nero.<br>\u00a0<br><strong>Nuevos espacios y funciones<\/strong><br>Como parte de la renovaci\u00f3n, el entrepiso se convertir\u00e1 en una biblioteca y videoteca del Chamam\u00e9, un espacio de consulta y lectura con libros, revistas, discograf\u00eda y material audiovisual. Adem\u00e1s, las \u00e1reas de las salas 2B y 2C est\u00e1n pensadas para ser multifunci\u00f3n, permitiendo exposiciones temporales y actividades que enriquecer\u00e1n la oferta cultural del espacio.<br>\u00a0<br>Este redise\u00f1o busca brindar una mirada m\u00e1s completa y enriquecida sobre el Chamam\u00e9, consolidando su legado y proyectando su futuro.<\/p>\n","protected":false},"excerpt":{"rendered":"<p>El Instituto de Cultura de Corrientes present\u00f3 hoy a la ma\u00f1ana el proyecto de refuncionalizaci\u00f3n del espacio cultural decicado al chamam\u00e9 (25 de Mayo 1141), que pasar\u00e1 a llamarse Museo&hellip; <\/p>\n","protected":false},"author":4,"featured_media":227816,"comment_status":"closed","ping_status":"open","sticky":false,"template":"","format":"standard","meta":{"footnotes":""},"categories":[15],"tags":[],"class_list":["post-227814","post","type-post","status-publish","format-standard","has-post-thumbnail","hentry","category-cultura"],"_links":{"self":[{"href":"https:\/\/corrientesdetarde.com\/index.php\/wp-json\/wp\/v2\/posts\/227814","targetHints":{"allow":["GET"]}}],"collection":[{"href":"https:\/\/corrientesdetarde.com\/index.php\/wp-json\/wp\/v2\/posts"}],"about":[{"href":"https:\/\/corrientesdetarde.com\/index.php\/wp-json\/wp\/v2\/types\/post"}],"author":[{"embeddable":true,"href":"https:\/\/corrientesdetarde.com\/index.php\/wp-json\/wp\/v2\/users\/4"}],"replies":[{"embeddable":true,"href":"https:\/\/corrientesdetarde.com\/index.php\/wp-json\/wp\/v2\/comments?post=227814"}],"version-history":[{"count":1,"href":"https:\/\/corrientesdetarde.com\/index.php\/wp-json\/wp\/v2\/posts\/227814\/revisions"}],"predecessor-version":[{"id":227817,"href":"https:\/\/corrientesdetarde.com\/index.php\/wp-json\/wp\/v2\/posts\/227814\/revisions\/227817"}],"wp:featuredmedia":[{"embeddable":true,"href":"https:\/\/corrientesdetarde.com\/index.php\/wp-json\/wp\/v2\/media\/227816"}],"wp:attachment":[{"href":"https:\/\/corrientesdetarde.com\/index.php\/wp-json\/wp\/v2\/media?parent=227814"}],"wp:term":[{"taxonomy":"category","embeddable":true,"href":"https:\/\/corrientesdetarde.com\/index.php\/wp-json\/wp\/v2\/categories?post=227814"},{"taxonomy":"post_tag","embeddable":true,"href":"https:\/\/corrientesdetarde.com\/index.php\/wp-json\/wp\/v2\/tags?post=227814"}],"curies":[{"name":"wp","href":"https:\/\/api.w.org\/{rel}","templated":true}]}}