{"id":227832,"date":"2025-09-20T08:40:00","date_gmt":"2025-09-20T11:40:00","guid":{"rendered":"https:\/\/corrientesdetarde.com\/?p=227832"},"modified":"2025-09-20T08:52:05","modified_gmt":"2025-09-20T11:52:05","slug":"el-hijo-de-will-smith-es-el-nuevo-director-creativo-de-christian-louboutin","status":"publish","type":"post","link":"https:\/\/corrientesdetarde.com\/index.php\/espectaculos\/el-hijo-de-will-smith-es-el-nuevo-director-creativo-de-christian-louboutin\/","title":{"rendered":"El hijo de Will Smith es el nuevo director creativo de Christian Louboutin."},"content":{"rendered":"\n<h2 class=\"wp-block-heading\">Jaden Smith dise\u00f1ar\u00e1 las colecciones de zapatos, cuero y accesorios para hombres de la ic\u00f3nica marca francesa.<\/h2>\n\n\n\n<p>La firma francesa de accesorios de lujo\u00a0<strong>Christian Louboutin<\/strong> nombr\u00f3 hace algunos d\u00edas al rapero americano\u00a0<strong>Jaden Smith<\/strong>, hijo del actor\u00a0<strong>Will Smith<\/strong>, como su\u00a0<strong>primer director creativo de moda masculina, y anunci\u00f3 que presentar\u00e1 sus nuevas creaciones en enero de 2026<\/strong>.<\/p>\n\n\n\n<p>Jaden Smith, de 27 a\u00f1os, \u201csupervisar\u00e1 la&nbsp;<strong>creaci\u00f3n de cuatro colecciones anuales de zapatos, cuero y accesorios para hombre<\/strong>\u201d y adem\u00e1s estar\u00e1 encargado de dise\u00f1ar un \u201cuniverso visual y emocional\u201d para la marca que abarque \u201ccampa\u00f1as, eventos y experiencias inmersivas\u201d, indica un comunicado de la casa.<\/p>\n\n\n\n<p>El artista, que tiene una marca de ropa urbana llamada&nbsp;<strong>MSFTSrep<\/strong>&nbsp;y es conocido por su&nbsp;<strong>estilo extravagante<\/strong>, presentar\u00e1 en enero una colecci\u00f3n \u201cc\u00e1psula\u201d para Christian Louboutin y despu\u00e9s su&nbsp;<strong>colecci\u00f3n de debut en la Semana de la Moda de Hombre de Par\u00eds.<\/strong><\/p>\n\n\n\n<p>Louboutin, el propietario de la casa, destac\u00f3 en una publicaci\u00f3n en Instagram el \u201cestilo y la sensibilidad cultural\u201d de Smith y asegur\u00f3 que al poco de conocerlo, hace seis a\u00f1os, ya pens\u00f3 que encajaba de manera \u201cnatural\u201d en su equipo creativo, mientras que&nbsp;<strong>Smith alab\u00f3 su \u201crespeto a la libertad creativa\u201d.<\/strong><\/p>\n\n\n\n<figure class=\"wp-block-image\"><img decoding=\"async\" src=\"https:\/\/tn.com.ar\/resizer\/v2\/christian-louboutin-el-famoso-disenador-de-zapatos-de-suela-roja-foto-reutersdaniel-cole-UPZFP2FU4B7SOYBGGHRTKF6MFA.jpg?auth=a6808311cacd60571c138658de6071b3b4ab390750aaa8a95b86e50f8bc62aca&amp;width=767\" alt=\"Christian Louboutin, el famoso dise\u00f1ador de zapatos de suela roja. (Foto: REUTERS\/Daniel Cole)\"\/><figcaption class=\"wp-element-caption\">Christian Louboutin, el famoso dise\u00f1ador de zapatos de suela roja. (Foto: REUTERS\/Daniel Cole)<\/figcaption><\/figure>\n\n\n\n<p>El joven asegur\u00f3 querer continuar con el \u201clegado\u201d de la marca,&nbsp;<strong>famosa por los zapatos de taco para mujer<\/strong>&nbsp;<strong>con la suela roja<\/strong>, y declar\u00f3 que homenajear\u00e1 su pasado, pero&nbsp;<strong>aportar\u00e1 su propia perspectiva al dar forma a su futuro<\/strong>.<\/p>\n\n\n\n<p>En una entrevista con The New York Times, preguntado por su primera colecci\u00f3n, Smith dijo que quiere \u201ccrear zapatos para el multiverso de los hombres: el abuelo, el padre, el hijo mayor, el hijo menor\u201d, y, tras identificarse con este \u00faltimo, afirm\u00f3 que su generaci\u00f3n \u201cest\u00e1 dise\u00f1ando para todos\u201d.<\/p>\n\n\n\n<p><\/p>\n","protected":false},"excerpt":{"rendered":"<p>Jaden Smith dise\u00f1ar\u00e1 las colecciones de zapatos, cuero y accesorios para hombres de la ic\u00f3nica marca francesa. La firma francesa de accesorios de lujo\u00a0Christian Louboutin nombr\u00f3 hace algunos d\u00edas al&hellip; <\/p>\n","protected":false},"author":6,"featured_media":227833,"comment_status":"closed","ping_status":"open","sticky":false,"template":"","format":"standard","meta":{"footnotes":""},"categories":[19],"tags":[],"class_list":["post-227832","post","type-post","status-publish","format-standard","has-post-thumbnail","hentry","category-espectaculos"],"_links":{"self":[{"href":"https:\/\/corrientesdetarde.com\/index.php\/wp-json\/wp\/v2\/posts\/227832","targetHints":{"allow":["GET"]}}],"collection":[{"href":"https:\/\/corrientesdetarde.com\/index.php\/wp-json\/wp\/v2\/posts"}],"about":[{"href":"https:\/\/corrientesdetarde.com\/index.php\/wp-json\/wp\/v2\/types\/post"}],"author":[{"embeddable":true,"href":"https:\/\/corrientesdetarde.com\/index.php\/wp-json\/wp\/v2\/users\/6"}],"replies":[{"embeddable":true,"href":"https:\/\/corrientesdetarde.com\/index.php\/wp-json\/wp\/v2\/comments?post=227832"}],"version-history":[{"count":1,"href":"https:\/\/corrientesdetarde.com\/index.php\/wp-json\/wp\/v2\/posts\/227832\/revisions"}],"predecessor-version":[{"id":227834,"href":"https:\/\/corrientesdetarde.com\/index.php\/wp-json\/wp\/v2\/posts\/227832\/revisions\/227834"}],"wp:featuredmedia":[{"embeddable":true,"href":"https:\/\/corrientesdetarde.com\/index.php\/wp-json\/wp\/v2\/media\/227833"}],"wp:attachment":[{"href":"https:\/\/corrientesdetarde.com\/index.php\/wp-json\/wp\/v2\/media?parent=227832"}],"wp:term":[{"taxonomy":"category","embeddable":true,"href":"https:\/\/corrientesdetarde.com\/index.php\/wp-json\/wp\/v2\/categories?post=227832"},{"taxonomy":"post_tag","embeddable":true,"href":"https:\/\/corrientesdetarde.com\/index.php\/wp-json\/wp\/v2\/tags?post=227832"}],"curies":[{"name":"wp","href":"https:\/\/api.w.org\/{rel}","templated":true}]}}