{"id":227843,"date":"2025-09-20T09:10:00","date_gmt":"2025-09-20T12:10:00","guid":{"rendered":"https:\/\/corrientesdetarde.com\/?p=227843"},"modified":"2025-09-20T09:23:31","modified_gmt":"2025-09-20T12:23:31","slug":"santiago-del-estero-detuvieron-a-un-pai-acusado-de-abusar-de-una-nena-de-12-anos","status":"publish","type":"post","link":"https:\/\/corrientesdetarde.com\/index.php\/crimen-y-justicia\/santiago-del-estero-detuvieron-a-un-pai-acusado-de-abusar-de-una-nena-de-12-anos\/","title":{"rendered":"Santiago del Estero: detuvieron a un \u201cpai\u201d acusado de abusar de una nena de 12 a\u00f1os."},"content":{"rendered":"\n<h2 class=\"wp-block-heading\">El hombre de 59 a\u00f1os tambi\u00e9n enfrenta causas iniciadas en 2019 por otros presuntos delitos sexuales. La defensa del sospechoso ofreci\u00f3 $5 millones como \u201cresarcimiento\u201d.<\/h2>\n\n\n\n<p>Un hombre de 59 a\u00f1os, identificado como J.C.M. y apodado \u201cJuana\u201d, fue detenido en Lugones, Santiago del Estero, acusado de&nbsp;<strong>abusar sexualmente de una nena de 12 a\u00f1os<\/strong>&nbsp;entre 2023 y 2024.<\/p>\n\n\n\n<p>La v\u00edctima, hoy de 13, fue derivada a un hospital con un cuadro de hemorragia que deriv\u00f3 en la denuncia. La jueza Gladys Lami orden\u00f3 su&nbsp;<strong>prisi\u00f3n preventiva<\/strong>, mientras la fiscal Alejandra Sobrero avanza con la investigaci\u00f3n.<\/p>\n\n\n\n<h2 class=\"wp-block-heading\">Investigan si hubo un abuso sistem\u00e1tico y un intento de soborno<\/h2>\n\n\n\n<p>Seg\u00fan la causa, el acusado&nbsp;<strong>manten\u00eda bajo su control a toda la familia de la nena<\/strong>, a quienes empleaba con pagos m\u00ednimos en tareas de changas y comercio. La v\u00edctima relat\u00f3 en c\u00e1mara Gesell que era obligada a estar con \u00e9l en la casa.<\/p>\n\n\n\n<p>Los peritajes m\u00e9dicos confirmaron que existi\u00f3 un&nbsp;<strong>abuso sexual con acceso carnal reiterado<\/strong>. Durante la audiencia, la defensa del acusado ofreci\u00f3&nbsp;<strong>$5 millones como \u201cresarcimiento\u201d<\/strong>, aunque la fiscal\u00eda rechaz\u00f3 ese planteo y sostuvo que el caso deber\u00e1 llegar a juicio en 2026. Adem\u00e1s, trascendi\u00f3 que el imputado habr\u00eda amenazado al padre de la nena con la frase:&nbsp;<strong>\u201cTe vas a quedar sin familia\u201d.<\/strong><\/p>\n\n\n\n<h2 class=\"wp-block-heading\">Se reactivaron causas anteriores en Santiago del Estero<\/h2>\n\n\n\n<p>La investigaci\u00f3n revel\u00f3 que el acusado, oriundo de Buenos Aires y residente en Lugones desde hace varios a\u00f1os, ya ten\u00eda&nbsp;<strong>dos denuncias previas de 2019 por abuso sexual<\/strong>: una de una mujer adulta y otra de una menor. Ambas causas hab\u00edan quedado sin resoluci\u00f3n, pero ahora fueron reabiertas a partir de su detenci\u00f3n.<\/p>\n\n\n\n<p>Mientras tanto, la fiscal Sobrero avanza con&nbsp;<strong>pericias psicol\u00f3gicas<\/strong>, informes socioambientales y la toma de nuevos testimonios para determinar si hubo m\u00e1s v\u00edctimas. El acusado, que trabajaba como chofer de ambulancia en la Posta Sanitaria de la localidad, permanece detenido y a disposici\u00f3n de la Justicia.<\/p>\n","protected":false},"excerpt":{"rendered":"<p>El hombre de 59 a\u00f1os tambi\u00e9n enfrenta causas iniciadas en 2019 por otros presuntos delitos sexuales. La defensa del sospechoso ofreci\u00f3 $5 millones como \u201cresarcimiento\u201d. Un hombre de 59 a\u00f1os,&hellip; <\/p>\n","protected":false},"author":6,"featured_media":227845,"comment_status":"closed","ping_status":"open","sticky":false,"template":"","format":"standard","meta":{"footnotes":""},"categories":[5],"tags":[],"class_list":["post-227843","post","type-post","status-publish","format-standard","has-post-thumbnail","hentry","category-crimen-y-justicia"],"_links":{"self":[{"href":"https:\/\/corrientesdetarde.com\/index.php\/wp-json\/wp\/v2\/posts\/227843","targetHints":{"allow":["GET"]}}],"collection":[{"href":"https:\/\/corrientesdetarde.com\/index.php\/wp-json\/wp\/v2\/posts"}],"about":[{"href":"https:\/\/corrientesdetarde.com\/index.php\/wp-json\/wp\/v2\/types\/post"}],"author":[{"embeddable":true,"href":"https:\/\/corrientesdetarde.com\/index.php\/wp-json\/wp\/v2\/users\/6"}],"replies":[{"embeddable":true,"href":"https:\/\/corrientesdetarde.com\/index.php\/wp-json\/wp\/v2\/comments?post=227843"}],"version-history":[{"count":1,"href":"https:\/\/corrientesdetarde.com\/index.php\/wp-json\/wp\/v2\/posts\/227843\/revisions"}],"predecessor-version":[{"id":227846,"href":"https:\/\/corrientesdetarde.com\/index.php\/wp-json\/wp\/v2\/posts\/227843\/revisions\/227846"}],"wp:featuredmedia":[{"embeddable":true,"href":"https:\/\/corrientesdetarde.com\/index.php\/wp-json\/wp\/v2\/media\/227845"}],"wp:attachment":[{"href":"https:\/\/corrientesdetarde.com\/index.php\/wp-json\/wp\/v2\/media?parent=227843"}],"wp:term":[{"taxonomy":"category","embeddable":true,"href":"https:\/\/corrientesdetarde.com\/index.php\/wp-json\/wp\/v2\/categories?post=227843"},{"taxonomy":"post_tag","embeddable":true,"href":"https:\/\/corrientesdetarde.com\/index.php\/wp-json\/wp\/v2\/tags?post=227843"}],"curies":[{"name":"wp","href":"https:\/\/api.w.org\/{rel}","templated":true}]}}