{"id":227899,"date":"2025-09-20T21:48:42","date_gmt":"2025-09-21T00:48:42","guid":{"rendered":"https:\/\/corrientesdetarde.com\/?p=227899"},"modified":"2025-09-20T21:49:02","modified_gmt":"2025-09-21T00:49:02","slug":"con-productos-frescos-y-combos-las-ferias-de-la-ciudad-inician-un-nuevo-recorrido-semanal","status":"publish","type":"post","link":"https:\/\/corrientesdetarde.com\/index.php\/informacion-general\/con-productos-frescos-y-combos-las-ferias-de-la-ciudad-inician-un-nuevo-recorrido-semanal\/","title":{"rendered":"Con productos frescos y combos, las Ferias\u00a0de la Ciudad inician un nuevo recorrido semanal"},"content":{"rendered":"\n<p>Los feriantes se presentar\u00e1n entre el martes 23 y el domingo 28 de septiembre, de 8 a 13, en diferentes espacios verdes y recreativos de la capital. Como lo vienen haciendo a lo largo del a\u00f1o, comercializar\u00e1n productos de calidad y a precios convenientes, en esta ocasi\u00f3n priorizando aquellos de la nueva temporada.<\/p>\n\n\n\n<p>Organizadas por la Secretar\u00eda de Desarrollo Econ\u00f3mico municipal, a trav\u00e9s de la Subsecretar\u00eda de Econom\u00eda Social, las Ferias de la Ciudad cumplir\u00e1n un nuevo recorrido semanal entre este martes 23 y el domingo 28 de septiembre por plazas, plazoletas, espacios verdes y recreativos.<br><br>El martes 23 los feriantes estar\u00e1n en la esquina de San Lorenzo y Bol\u00edvar, en la plaza Torrent; y por calle Brasil frente a la Escuela 6, en la plazoleta Los Amigos del barrio Libertad.<br><br>El mi\u00e9rcoles 24 las ferias volver\u00e1n a estar en la plaza Torrent del barrio Centro.<br><br>En tanto, el jueves 25 los puesteros se ubicar\u00e1n en plaza La Cruz, por calle Salta, en el barrio del mismo nombre.<br><br>Como ocurre cada \u00faltimo d\u00eda laboral de la semana, el viernes 26 se repetir\u00e1 la propuesta, en simult\u00e1neo, en la plaza Rep\u00fablica del Per\u00fa de las Mil Viviendas (Av. Patagonia entre Av. La Paz y Av. Paysand\u00fa); frente al Colegio Illia (Larrea al 3400) del barrio Laguna Seca; y en plazoleta Los Inmigrantes (Av. Sarmiento y Ac Fern\u00e1ndez).<br><br>El recorrido continuar\u00e1 el s\u00e1bado 27, de 8 a 13, por la calle Pil\u00fa G\u00f3mez y Jos\u00e9 Rol\u00f3n, en el parque Mitre. Y en el Paseo Arazaty, de 10 a 22.<br><br>En tanto que el domingo 28 habr\u00e1 puesteros en el Paseo Arazaty que ofrecer\u00e1n, de 10 a 20, plantas ornamentales, ofertas gastron\u00f3micas, artesan\u00edas y manualidades.<\/p>\n\n\n\n<figure class=\"wp-block-image size-full\"><img loading=\"lazy\" decoding=\"async\" width=\"754\" height=\"953\" src=\"https:\/\/corrientesdetarde.com\/wp-content\/uploads\/2025\/09\/image-674.png\" alt=\"\" class=\"wp-image-227912\" srcset=\"https:\/\/corrientesdetarde.com\/wp-content\/uploads\/2025\/09\/image-674.png 754w, https:\/\/corrientesdetarde.com\/wp-content\/uploads\/2025\/09\/image-674-237x300.png 237w\" sizes=\"auto, (max-width: 754px) 100vw, 754px\" \/><\/figure>\n\n\n\n<p><br>\u00a0<br>CRONOGRAMA COMPLETO<br><br>Martes 23 de septiembre: barrio Centro (plaza Torrent) y barrio Libertad (plazoleta Los Amigos).<br><br>Mi\u00e9rcoles 24 de septiembre: barrio Centro (plaza Torrent)<br><br>Jueves 25 de septiembre: barrio La Cruz (plaza La Cruz).<br><br>Viernes 26 de septiembre: barrio Mil Viviendas (plaza Rep\u00fablica del Per\u00fa), barrio Ber\u00f3n de Astrada (plazoleta Los Inmigrantes), barrio Laguna Seca (Larrea al 3400)<br><br>S\u00e1bado 27 de septiembre: barrio Aldana (parque Mitre) y Paseo Arazaty (10 a 22).<br><br>Domingo 28 de septiembre: Paseo Arazaty<\/p>\n","protected":false},"excerpt":{"rendered":"<p>Los feriantes se presentar\u00e1n entre el martes 23 y el domingo 28 de septiembre, de 8 a 13, en diferentes espacios verdes y recreativos de la capital. Como lo vienen&hellip; <\/p>\n","protected":false},"author":1,"featured_media":227913,"comment_status":"closed","ping_status":"open","sticky":false,"template":"","format":"standard","meta":{"footnotes":""},"categories":[22,1],"tags":[],"class_list":["post-227899","post","type-post","status-publish","format-standard","has-post-thumbnail","hentry","category-eventos","category-informacion-general"],"_links":{"self":[{"href":"https:\/\/corrientesdetarde.com\/index.php\/wp-json\/wp\/v2\/posts\/227899","targetHints":{"allow":["GET"]}}],"collection":[{"href":"https:\/\/corrientesdetarde.com\/index.php\/wp-json\/wp\/v2\/posts"}],"about":[{"href":"https:\/\/corrientesdetarde.com\/index.php\/wp-json\/wp\/v2\/types\/post"}],"author":[{"embeddable":true,"href":"https:\/\/corrientesdetarde.com\/index.php\/wp-json\/wp\/v2\/users\/1"}],"replies":[{"embeddable":true,"href":"https:\/\/corrientesdetarde.com\/index.php\/wp-json\/wp\/v2\/comments?post=227899"}],"version-history":[{"count":1,"href":"https:\/\/corrientesdetarde.com\/index.php\/wp-json\/wp\/v2\/posts\/227899\/revisions"}],"predecessor-version":[{"id":227914,"href":"https:\/\/corrientesdetarde.com\/index.php\/wp-json\/wp\/v2\/posts\/227899\/revisions\/227914"}],"wp:featuredmedia":[{"embeddable":true,"href":"https:\/\/corrientesdetarde.com\/index.php\/wp-json\/wp\/v2\/media\/227913"}],"wp:attachment":[{"href":"https:\/\/corrientesdetarde.com\/index.php\/wp-json\/wp\/v2\/media?parent=227899"}],"wp:term":[{"taxonomy":"category","embeddable":true,"href":"https:\/\/corrientesdetarde.com\/index.php\/wp-json\/wp\/v2\/categories?post=227899"},{"taxonomy":"post_tag","embeddable":true,"href":"https:\/\/corrientesdetarde.com\/index.php\/wp-json\/wp\/v2\/tags?post=227899"}],"curies":[{"name":"wp","href":"https:\/\/api.w.org\/{rel}","templated":true}]}}