{"id":227900,"date":"2025-09-20T21:44:09","date_gmt":"2025-09-21T00:44:09","guid":{"rendered":"https:\/\/corrientesdetarde.com\/?p=227900"},"modified":"2025-09-20T21:44:11","modified_gmt":"2025-09-21T00:44:11","slug":"la-correntina-coti-romero-hablo-del-momento-mas-duro-que-tuvo-que-atravesar","status":"publish","type":"post","link":"https:\/\/corrientesdetarde.com\/index.php\/espectaculos\/la-correntina-coti-romero-hablo-del-momento-mas-duro-que-tuvo-que-atravesar\/","title":{"rendered":"La correntina Coti Romero habl\u00f3 del momento m\u00e1s duro que tuvo que atravesar"},"content":{"rendered":"\n<p>La abrupta irrupci\u00f3n de la fama tras pasar por Gran Hermano (Telefe) transform\u00f3 de forma radical la vida de Coty Romero. De ser una joven de Corrientes capital con un perfil relativamente bajo, se vio, de un momento a otro, bajo la atenci\u00f3n masiva del p\u00fablico, rodeada de las luces de la televisi\u00f3n y enfrentando el impacto directo de las redes sociales. En una entrevista en Resu en vivo (Luzu TV), Romero detall\u00f3, con crudeza y honestidad, las dificultades emocionales y personales atravesadas despu\u00e9s de abandonar la casa, reflejando c\u00f3mo el peso de la exposici\u00f3n p\u00fablica alter\u00f3 su salud mental y su relaci\u00f3n con el entorno.<\/p>\n\n\n\n<p>&#8220;En un momento estuve bastante mal. No quer\u00eda ni siquiera vivir. Me sent\u00eda sola. Claro, yo de un pueblo, de repente a la ciudad&#8221;. As\u00ed comienza su relato Coty, al recordar el brusco paso de la cotidianeidad en Corrientes a la exigencia y visibilidad de Buenos Aires y los medios. El ingreso a Gran Hermano, que la coloc\u00f3 ante millones de espectadores, supuso adem\u00e1s tener que dejar atr\u00e1s una parte de su historia: &#8220;Me tuve que despedir tambi\u00e9n de esa Coty de Corrientes capital para darle la bienvenida a la Coty de Buenos Aires, de los medios, que toc\u00f3 vivir todo esto y no estaba preparada&#8221;.<\/p>\n\n\n\n<p>Antes de sumarse al reality, Romero contaba con 108.000 seguidores en Instagram, lo cual defin\u00eda como un alcance modesto y local. Tras salir de la casa, ese n\u00famero subi\u00f3 a un mill\u00f3n en pocas horas, en un fen\u00f3meno que ella misma tild\u00f3 de dif\u00edcil de asimilar: &#8220;No lo pod\u00eda entender, al principio yo ve\u00eda las cosas lindas, hasta que me toc\u00f3 ver cosas tristes y ah\u00ed uno se centra, lamentablemente, en esas cosas&#8221;. De inmediato, el entusiasmo por el reconocimiento de seguidores dio lugar al impacto negativo de la sobreexposici\u00f3n en plataformas digitales, generando situaciones de hostigamiento virtual y agresiones personales. &#8220;Se met\u00edan con mi cuerpo, con mi familia, con mi religi\u00f3n, inclusive. La gente no ten\u00eda l\u00edmites y eso a m\u00ed me afect\u00f3 un mont\u00f3n&#8221;.<\/p>\n\n\n\n<p>All\u00ed Constanza reconoci\u00f3 que el acoso digital no tard\u00f3 en producir consecuencias emocionales graves y en instalar un sentimiento de soledad dif\u00edcil de erradicar. &#8220;Yo me autoflagel\u00e9 en un momento y la pas\u00e9 muy mal porque me sent\u00eda sola. Yo no estaba sola, ten\u00eda a mi familia y mis amistades&#8221;, pero el aislamiento emocional pesaba. A pesar del apoyo de su c\u00edrculo \u00edntimo, sent\u00eda la presi\u00f3n de mantener una imagen p\u00fablica de entereza: &#8220;Para el afuera tengo que mostrar que estoy bien. Era como sentir que me pateaban en el piso, por encima me criticaban, me bardeaban. Me met\u00ed en una situaci\u00f3n en la que sab\u00eda que iba a ser as\u00ed, pero fue dif\u00edcil&#8221;.<\/p>\n\n\n\n<p>Explic\u00f3 adem\u00e1s la tendencia a ocultar su malestar, evitando compartirlo incluso con sus allegados: &#8220;Mi familia y mis amigos, yo no les contaba nada, obvio, ellos no lo sab\u00edan. Ellos se dieron cuenta de que algo no estaba bien, porque yo tambi\u00e9n me aislaba un mont\u00f3n, no hablaba con nadie. Llegaba un punto en el que ni siquiera me levantaba a ba\u00f1ar, o sea, estaba como tirada todo el d\u00eda&#8221;. Esa experiencia reflej\u00f3, seg\u00fan Romero, la importancia del acompa\u00f1amiento sostenido y la presencia atenta de quienes rodean a una persona en crisis: &#8220;Es importante acompa\u00f1ar, charlar, quiz\u00e1s con la gente que ten\u00e9s al lado, porque eso no lo notas tan f\u00e1cilmente que est\u00e1 mal&#8221;.<\/p>\n\n\n\n<p>La salida del pozo result\u00f3 posible gracias a la ayuda de su entorno m\u00e1s cercano y una decisi\u00f3n determinante: comenzar terapia. &#8220;Mi familia y mis amistades a m\u00ed me sacaron del pozo en el que estaba. Me ayudaron un mont\u00f3n porque me acompa\u00f1aron y empec\u00e9 terapia. Y ah\u00ed dije: \u2018Okey, clic y sal\u00ed de ah\u00ed porque no me quedaba otra tampoco\u2019&#8221;. El reencuentro con sus ra\u00edces y el valor otorgado a los lazos genuinos se transformaron en un recurso esencial para sobrellevar las secuelas del desgaste emocional. &#8220;Lo que vale es lo que uno tiene. O sea, conectar con mis ra\u00edces, mi familia y mis amistades de siempre era lo que val\u00eda. Cada vez que estoy medio mal, a veces voy a Corrientes, me recargo un poquito y vuelvo con otras energ\u00edas&#8221;.<\/p>\n\n\n\n<p>Adem\u00e1s de la dureza del acoso social, Romero aludi\u00f3 al desencanto interpersonal que experiment\u00f3 en su nuevo entorno. &#8220;Tambi\u00e9n me he cruzado con un mont\u00f3n de gente que te mostraba una sonrisa y por atr\u00e1s te estaba clavando un pu\u00f1al y era retriste eso. Obviamente, yo entiendo que los medios son un poco as\u00ed. Y eso me decepcionaba un mont\u00f3n&#8221;. El descreimiento frente a ciertas actitudes del ambiente medi\u00e1tico y la deslealtad en v\u00ednculos personales, como las infidelidades, terminaron de delinear una etapa de aprendizaje y cambio: &#8220;Tambi\u00e9n las infidelidades para m\u00ed son una traici\u00f3n completa. \u00bfViste cuando vos vas y le dec\u00eds a esa persona: &#8220;Ac\u00e1 no, por favor&#8221;. Y ah\u00ed te va y te da en ese momento. Uno ve las intenciones y era a prop\u00f3sito, parec\u00eda. Y despu\u00e9s dije: Bueno, esa es la persona que pierde, no yo&#8221;.<\/p>\n\n\n\n<p>El testimonio de Coty Romero expone, de primera mano, las m\u00faltiples aristas de la fama s\u00fabita en el contexto digital y televisivo. Sus palabras trazan el trayecto que va desde la promesa de visibilidad y \u00e9xito profesional hasta las dificultades psicol\u00f3gicas y decepciones personales, poniendo en primer plano la necesidad de sost\u00e9n, autenticidad y reconexi\u00f3n con los v\u00ednculos fundamentales.<\/p>\n","protected":false},"excerpt":{"rendered":"<p>La abrupta irrupci\u00f3n de la fama tras pasar por Gran Hermano (Telefe) transform\u00f3 de forma radical la vida de Coty Romero. De ser una joven de Corrientes capital con un&hellip; <\/p>\n","protected":false},"author":1,"featured_media":227907,"comment_status":"closed","ping_status":"open","sticky":false,"template":"","format":"standard","meta":{"footnotes":""},"categories":[19],"tags":[],"class_list":["post-227900","post","type-post","status-publish","format-standard","has-post-thumbnail","hentry","category-espectaculos"],"_links":{"self":[{"href":"https:\/\/corrientesdetarde.com\/index.php\/wp-json\/wp\/v2\/posts\/227900","targetHints":{"allow":["GET"]}}],"collection":[{"href":"https:\/\/corrientesdetarde.com\/index.php\/wp-json\/wp\/v2\/posts"}],"about":[{"href":"https:\/\/corrientesdetarde.com\/index.php\/wp-json\/wp\/v2\/types\/post"}],"author":[{"embeddable":true,"href":"https:\/\/corrientesdetarde.com\/index.php\/wp-json\/wp\/v2\/users\/1"}],"replies":[{"embeddable":true,"href":"https:\/\/corrientesdetarde.com\/index.php\/wp-json\/wp\/v2\/comments?post=227900"}],"version-history":[{"count":1,"href":"https:\/\/corrientesdetarde.com\/index.php\/wp-json\/wp\/v2\/posts\/227900\/revisions"}],"predecessor-version":[{"id":227908,"href":"https:\/\/corrientesdetarde.com\/index.php\/wp-json\/wp\/v2\/posts\/227900\/revisions\/227908"}],"wp:featuredmedia":[{"embeddable":true,"href":"https:\/\/corrientesdetarde.com\/index.php\/wp-json\/wp\/v2\/media\/227907"}],"wp:attachment":[{"href":"https:\/\/corrientesdetarde.com\/index.php\/wp-json\/wp\/v2\/media?parent=227900"}],"wp:term":[{"taxonomy":"category","embeddable":true,"href":"https:\/\/corrientesdetarde.com\/index.php\/wp-json\/wp\/v2\/categories?post=227900"},{"taxonomy":"post_tag","embeddable":true,"href":"https:\/\/corrientesdetarde.com\/index.php\/wp-json\/wp\/v2\/tags?post=227900"}],"curies":[{"name":"wp","href":"https:\/\/api.w.org\/{rel}","templated":true}]}}