{"id":227909,"date":"2025-09-20T21:53:16","date_gmt":"2025-09-21T00:53:16","guid":{"rendered":"https:\/\/corrientesdetarde.com\/?p=227909"},"modified":"2025-09-20T21:53:33","modified_gmt":"2025-09-21T00:53:33","slug":"f1-colapinto-choco-en-la-clasificacion-y-este-domingo-largara-16","status":"publish","type":"post","link":"https:\/\/corrientesdetarde.com\/index.php\/deportes\/f1-colapinto-choco-en-la-clasificacion-y-este-domingo-largara-16\/","title":{"rendered":"F1: Colapinto choc\u00f3 en la clasificaci\u00f3n y este domingo largar\u00e1 16\u00b0"},"content":{"rendered":"\n<p>Durante la clasificaci\u00f3n, Colapinto consigui\u00f3 en su segunda vuelta r\u00e1pida de la Q1 un tiempo de 1:42.779, suficiente para situarse moment\u00e1neamente en el noveno lugar, 0.360 segundos m\u00e1s r\u00e1pido que Gasly. En su \u00faltimo intento, sufri\u00f3 el accidente que finaliz\u00f3 su participaci\u00f3n en la Q1 y evidenci\u00f3 las dificultades que presenta el monoplaza en este circuito urbano.<\/p>\n\n\n\n<p>El s\u00e1bado tambi\u00e9n mostr\u00f3 a Lando Norris como el m\u00e1s r\u00e1pido en la FP3, seguido por Max Verstappen y Oscar Piastri, dejando claro que la lucha por la pole position ser\u00e1 intensa. Para Colapinto, la prioridad ser\u00e1 remontar posiciones desde la 16\u00b0 plaza y sumar puntos en una pista exigente, mientras el foco del domingo estar\u00e1 en la batalla por la carrera y el t\u00edtulo de Constructores que busca asegurar McLaren.<\/p>\n\n\n\n<p><br>La carrera podr\u00e1 seguirse por Fox Sports, Disney+ y F1TV, con la expectativa de ver c\u00f3mo el argentino recupera terreno despu\u00e9s de un d\u00eda que combin\u00f3 velocidad y un accidente inesperado.<\/p>\n\n\n\n<figure class=\"wp-block-embed is-type-video is-provider-youtube wp-block-embed-youtube wp-embed-aspect-16-9 wp-has-aspect-ratio\"><div class=\"wp-block-embed__wrapper\">\n<iframe loading=\"lazy\" title=\"\u00a1MAD MAX AL VOLANTE! VERSTAPPEN SE QUED\u00d3 CON LA POLE POSITION EN BAK\u00da | RESUMEN\" width=\"1110\" height=\"624\" src=\"https:\/\/www.youtube.com\/embed\/tGCWKsMdK7U?feature=oembed\" frameborder=\"0\" allow=\"accelerometer; autoplay; clipboard-write; encrypted-media; gyroscope; picture-in-picture; web-share\" referrerpolicy=\"strict-origin-when-cross-origin\" allowfullscreen><\/iframe>\n<\/div><\/figure>\n","protected":false},"excerpt":{"rendered":"<p>Durante la clasificaci\u00f3n, Colapinto consigui\u00f3 en su segunda vuelta r\u00e1pida de la Q1 un tiempo de 1:42.779, suficiente para situarse moment\u00e1neamente en el noveno lugar, 0.360 segundos m\u00e1s r\u00e1pido que&hellip; <\/p>\n","protected":false},"author":1,"featured_media":227919,"comment_status":"closed","ping_status":"open","sticky":false,"template":"","format":"standard","meta":{"footnotes":""},"categories":[4],"tags":[],"class_list":["post-227909","post","type-post","status-publish","format-standard","has-post-thumbnail","hentry","category-deportes"],"_links":{"self":[{"href":"https:\/\/corrientesdetarde.com\/index.php\/wp-json\/wp\/v2\/posts\/227909","targetHints":{"allow":["GET"]}}],"collection":[{"href":"https:\/\/corrientesdetarde.com\/index.php\/wp-json\/wp\/v2\/posts"}],"about":[{"href":"https:\/\/corrientesdetarde.com\/index.php\/wp-json\/wp\/v2\/types\/post"}],"author":[{"embeddable":true,"href":"https:\/\/corrientesdetarde.com\/index.php\/wp-json\/wp\/v2\/users\/1"}],"replies":[{"embeddable":true,"href":"https:\/\/corrientesdetarde.com\/index.php\/wp-json\/wp\/v2\/comments?post=227909"}],"version-history":[{"count":1,"href":"https:\/\/corrientesdetarde.com\/index.php\/wp-json\/wp\/v2\/posts\/227909\/revisions"}],"predecessor-version":[{"id":227923,"href":"https:\/\/corrientesdetarde.com\/index.php\/wp-json\/wp\/v2\/posts\/227909\/revisions\/227923"}],"wp:featuredmedia":[{"embeddable":true,"href":"https:\/\/corrientesdetarde.com\/index.php\/wp-json\/wp\/v2\/media\/227919"}],"wp:attachment":[{"href":"https:\/\/corrientesdetarde.com\/index.php\/wp-json\/wp\/v2\/media?parent=227909"}],"wp:term":[{"taxonomy":"category","embeddable":true,"href":"https:\/\/corrientesdetarde.com\/index.php\/wp-json\/wp\/v2\/categories?post=227909"},{"taxonomy":"post_tag","embeddable":true,"href":"https:\/\/corrientesdetarde.com\/index.php\/wp-json\/wp\/v2\/tags?post=227909"}],"curies":[{"name":"wp","href":"https:\/\/api.w.org\/{rel}","templated":true}]}}