{"id":227911,"date":"2025-09-20T21:50:08","date_gmt":"2025-09-21T00:50:08","guid":{"rendered":"https:\/\/corrientesdetarde.com\/?p=227911"},"modified":"2025-09-21T08:51:45","modified_gmt":"2025-09-21T11:51:45","slug":"hallaron-el-cuerpo-del-operario-que-cayo-al-parana-desde-un-remolcador","status":"publish","type":"post","link":"https:\/\/corrientesdetarde.com\/index.php\/destacados\/hallaron-el-cuerpo-del-operario-que-cayo-al-parana-desde-un-remolcador\/","title":{"rendered":"Hallaron el cuerpo del operario que cay\u00f3 al Paran\u00e1 desde un remolcador"},"content":{"rendered":"\n<p><strong>Luego de tres d\u00edas de b\u00fasqueda en aguas del R\u00edo Paran\u00e1, localizaron y recataron el cuerpo sin vida del operario que hab\u00eda ca\u00eddo desde la cabina de un remolcador el pasado martes 16 de septiembre, a la altura de la localidad de It\u00e1 Ibat\u00e9.<\/strong><\/p>\n\n\n\n<p><strong>El hallazgo fue producto de las tareas desplegadas en la zona por los buzos t\u00e1cticos de la Prefectura Naval Argentina, que dieron con el cad\u00e1ver a unos 8 metros de profundidad, a escasos 100 metros, aguas abajo del lugar en que qued\u00f3 anclado el buque mercante \u201cCruz del Sur\u201d.<\/strong><\/p>\n\n\n\n<p>Ante la novedad, ocurrida en la tarde del viernes, el Fiscal en turno dispuso levantar los restos para ser trasladado al hospital local &#8220;Inmaculada Concepci\u00f3n&#8221;.<\/p>\n\n\n\n<p>Adem\u00e1s, se dispuso que sea examinado por el m\u00e9dico forense para determinar de manera fehaciente la causal del deceso. Entretanto, fue sometido a un reconocimiento que estuvo a cargo del capit\u00e1n del buque, quien determin\u00f3 que efectivamente se trataba de Alejandro Safenraiter Lower (42 a\u00f1os).<\/p>\n\n\n\n<p><strong>Entre otras medidas ordenadas, despu\u00e9s del resultado de los ex\u00e1menes m\u00e9dicos que constataron que no presentaba lesiones externas visibles, ordenaron la realizaci\u00f3n de una autopsia en el &#8220;Instituto M\u00e9dico Forense de la Ciudad de Corrientes&#8221;.<\/strong><\/p>\n\n\n\n<p>Tambi\u00e9n dispuso que se libere el buque para que continue su navegaci\u00f3n.<\/p>\n\n\n\n<p>Tal como se inform\u00f3, ocurri\u00f3 pasadas las 20.30 en el kil\u00f3metro 1401 margen izquierda del R\u00edo Paran\u00e1, tras lo cual salieron de urgencia en su b\u00fasqueda embarcaciones de las prefecturas de It\u00e1 Ibat\u00e9 e Ituzaing\u00f3.<\/p>\n\n\n\n<p>El operario en esa ocasi\u00f3n realizaba tareas en la zona de cubierta cuando cay\u00f3 al agua.<\/p>\n","protected":false},"excerpt":{"rendered":"<p>Luego de tres d\u00edas de b\u00fasqueda en aguas del R\u00edo Paran\u00e1, localizaron y recataron el cuerpo sin vida del operario que hab\u00eda ca\u00eddo desde la cabina de un remolcador el&hellip; <\/p>\n","protected":false},"author":1,"featured_media":227915,"comment_status":"closed","ping_status":"open","sticky":false,"template":"","format":"standard","meta":{"footnotes":""},"categories":[26,33],"tags":[],"class_list":["post-227911","post","type-post","status-publish","format-standard","has-post-thumbnail","hentry","category-destacados","category-policiales"],"_links":{"self":[{"href":"https:\/\/corrientesdetarde.com\/index.php\/wp-json\/wp\/v2\/posts\/227911","targetHints":{"allow":["GET"]}}],"collection":[{"href":"https:\/\/corrientesdetarde.com\/index.php\/wp-json\/wp\/v2\/posts"}],"about":[{"href":"https:\/\/corrientesdetarde.com\/index.php\/wp-json\/wp\/v2\/types\/post"}],"author":[{"embeddable":true,"href":"https:\/\/corrientesdetarde.com\/index.php\/wp-json\/wp\/v2\/users\/1"}],"replies":[{"embeddable":true,"href":"https:\/\/corrientesdetarde.com\/index.php\/wp-json\/wp\/v2\/comments?post=227911"}],"version-history":[{"count":1,"href":"https:\/\/corrientesdetarde.com\/index.php\/wp-json\/wp\/v2\/posts\/227911\/revisions"}],"predecessor-version":[{"id":227916,"href":"https:\/\/corrientesdetarde.com\/index.php\/wp-json\/wp\/v2\/posts\/227911\/revisions\/227916"}],"wp:featuredmedia":[{"embeddable":true,"href":"https:\/\/corrientesdetarde.com\/index.php\/wp-json\/wp\/v2\/media\/227915"}],"wp:attachment":[{"href":"https:\/\/corrientesdetarde.com\/index.php\/wp-json\/wp\/v2\/media?parent=227911"}],"wp:term":[{"taxonomy":"category","embeddable":true,"href":"https:\/\/corrientesdetarde.com\/index.php\/wp-json\/wp\/v2\/categories?post=227911"},{"taxonomy":"post_tag","embeddable":true,"href":"https:\/\/corrientesdetarde.com\/index.php\/wp-json\/wp\/v2\/tags?post=227911"}],"curies":[{"name":"wp","href":"https:\/\/api.w.org\/{rel}","templated":true}]}}