{"id":227922,"date":"2025-09-21T05:53:00","date_gmt":"2025-09-21T08:53:00","guid":{"rendered":"https:\/\/corrientesdetarde.com\/?p=227922"},"modified":"2025-09-20T21:57:06","modified_gmt":"2025-09-21T00:57:06","slug":"efemerides-del-21-de-septiembre","status":"publish","type":"post","link":"https:\/\/corrientesdetarde.com\/index.php\/actualidad\/efemerides-del-21-de-septiembre\/","title":{"rendered":"Efem\u00e9rides del 21 de septiembre"},"content":{"rendered":"\n<p>Cada\u00a0<strong>21 de septiembre<\/strong>\u00a0se celebran y conmemoran fechas que marcaron un antes y un despu\u00e9s tanto en Argentina como en el mundo.<\/p>\n\n\n\n<p><\/p>\n\n\n\n<p><strong>1947&nbsp;<\/strong>&#8211; STEPHEN KING. Nace en la ciudad de Portland (Maine, EEUU) el escritor estadounidense Stephen Edwin King, prol\u00edfico autor de exitosas novelas de terror, ciencia ficci\u00f3n y fantas\u00eda, algunas de ellas llevadas al cine, como El resplandor, La zona muerta, Cementerio de animales y Misery. Lleva vendidos m\u00e1s de 350 millones de libros y ganado 48 premios.<\/p>\n\n\n\n<p><strong>1955&nbsp;<\/strong>&#8211; MERCEDES MOR\u00c1N. Nace, un 21 de septiembre, en la ciudad cordobesa de Villa Dolores la actriz de cine, teatro y televisi\u00f3n Mercedes Mor\u00e1n, quien lleva ganados 18 premios, entre ellos cinco Mart\u00edn Fierro. Ha trabajado en 26 pel\u00edculas y en 25 ciclos de televisi\u00f3n, el \u00faltimo de ellos \u201cEl Reino\u201d emitido por la plataforma Netflix.<\/p>\n\n\n\n<p><strong>1961&nbsp;<\/strong>&#8211; DIEGO CAPUSOTTO. Nace, un 21 de septiembre, en la ciudad bonaerense de Mor\u00f3n el actor y humorista Diego Capusotto, quien lleva ganados m\u00e1s de 15 premios, entre ellos cinco Mart\u00edn Fierro. Se destac\u00f3 por su actuaci\u00f3n en programas televisivos como Chachach\u00e1, Todo por dos pesos y Peter Capusotto y sus videos.<\/p>\n\n\n\n<p><strong>1964&nbsp;<\/strong>&#8211; JORGE DREXLER. Nace en Montevideo el m\u00e9dico, m\u00fasico y cantautor uruguayo Jorge Drexler Prada, ganador del premio \u00d3scar a Mejor canci\u00f3n original de 2005 por Al otro lado del r\u00edo, tema del filme Diarios de motocicleta. Adem\u00e1s gan\u00f3 un premio Goya y cinco Grammy Latino.<\/p>\n\n\n\n<p><strong>1969&nbsp;<\/strong>&#8211; PABLO ECHARRI. Nace en la ciudad bonaerense de Avellaneda el actor y productor Pablo Echarri, ganador de tres premios Mart\u00edn Fierro. Gan\u00f3 fama por su labor en los programas Resistir\u00e9, Montecristo\u200b y El Elegido, entre otros de un total de 28 ciclos televisivos. Film\u00f3 25 pel\u00edculas, entre ellas El desv\u00edo y El encuentro de Guayaquil, en la que interpret\u00f3 al general Jos\u00e9 de San Mart\u00edn.\u200b<\/p>\n\n\n\n<p><strong>1971&nbsp;<\/strong>&#8211; BERNARDO HOUSSAY. A la edad de 84 a\u00f1os muere en Buenos Aires el m\u00e9dico, farmac\u00e9utico y catedr\u00e1tico Bernardo Alberto Houssay,&nbsp; ganador del Premio Nobel de Medicina de 1947 por sus investigaciones relacionadas con la diabetes. Fue el primer latinoamericano en obtener un Nobel en ciencias.<\/p>\n\n\n\n<figure class=\"wp-block-image\"><img decoding=\"async\" src=\"https:\/\/billiken.lat\/wp-content\/uploads\/2024\/09\/cuerpo-2024-09-13T102505.030.jpg\" alt=\"21 de septiembre d\u00eda del estudiante dos amigos tomando mate en la facultad\" class=\"wp-image-95102\"\/><\/figure>\n\n\n\n<p><strong>2025&nbsp;<\/strong>&#8211; D\u00cdA DEL ESTUDIANTE. Se celebra el D\u00eda del Estudiante en conmemoraci\u00f3n de la fecha de 1888 en la que fueron repatriados desde Asunci\u00f3n del Paraguay los restos del expresidente Domingo Faustino Sarmiento, reconocido en Am\u00e9rica por haber impulsado la educaci\u00f3n p\u00fablica.<\/p>\n\n\n\n<p><strong>2025&nbsp;<\/strong>&#8211;&nbsp; D\u00cdA DEL FOT\u00d3GRAFO\/A. Se celebra el D\u00eda Nacional del Fot\u00f3grafo en conmemoraci\u00f3n de la llegada a Latinoam\u00e9rica del daguerrotipo, el primer sistema de fotograf\u00eda creado por el inventor franc\u00e9s Louis Daguerre en su pa\u00eds en 1839.<\/p>\n\n\n\n<p><strong>2025&nbsp;<\/strong>&#8211; D\u00cdA DE LA PAZ. Se celebra el D\u00eda Internacional de la Paz, declarado por la Organizaci\u00f3n de las Naciones Unidas en 1981 para fortalecer los ideales pacifistas con el ejercicio de la no violencia y alto el fuego en los conflictos b\u00e9licos.<\/p>\n\n\n\n<p><\/p>\n\n\n\n<p>El\u00a0<strong>D\u00eda del Estudiante\u00a0<\/strong>se celebra el\u00a0<strong>21 de septiembre<\/strong>\u00a0de cada a\u00f1o en la Argentina. Suele ser un d\u00eda de festejos, en el que los j\u00f3venes se re\u00fanen al aire libre para divertirse con amigos. Casualmente la jornada coincide con el\u00a0<strong>D\u00eda de la Primavera<\/strong>, aunque las dos fechas no est\u00e1n relacionadas.<\/p>\n\n\n\n<h2 class=\"wp-block-heading\">\u00bfPor qu\u00e9 se celebra hoy el D\u00eda del Estudiante?<\/h2>\n\n\n\n<p>Esta jornada se festeja en honor a&nbsp;<strong>Domingo Faustino Sarmiento<\/strong>, expresidente y referente de la educaci\u00f3n argentina. Durante su presidencia cre\u00f3 m\u00e1s de 800 escuelas en el pa\u00eds y promovi\u00f3 el desarrollo y capacitaci\u00f3n docente. Asimismo, fund\u00f3 la&nbsp;<strong>Biblioteca Nacional de Maestros<\/strong>, impuls\u00f3 la alfabetizaci\u00f3n, promovi\u00f3 la&nbsp;<strong>educaci\u00f3n p\u00fablica, gratuita y obligatoria<\/strong>, y logr\u00f3 aumentar el alumnado del pa\u00eds de 30.000 a 110.000 presentes.<\/p>\n\n\n\n<p>El&nbsp;<strong>D\u00eda del Estudiante<\/strong>&nbsp;se estableci\u00f3 en 1902, cuatro a\u00f1os despu\u00e9s de la muerte de&nbsp;<strong>Sarmiento<\/strong>. El presidente del Centro de Estudiantes de la Facultad de Filosof\u00eda y Letras,&nbsp;<strong>Salvador Debenedetti<\/strong>, fue quien eligi\u00f3 el 21 de septiembre para esta celebraci\u00f3n, porque fue la fecha en que llegaron los restos del sanjuanino a la Argentina en 1888, luego de haber fallecido a los 77 a\u00f1os en Asunci\u00f3n, Paraguay. En ese entonces, se realiz\u00f3 una ceremonia en su casa de estudios, que luego fue repetida anualmente.<\/p>\n\n\n\n<p>De esa forma, el festejo se volvi\u00f3 una&nbsp;<strong>tradici\u00f3n&nbsp;<\/strong>para los j\u00f3venes&nbsp;<strong>estudiantes&nbsp;<\/strong>del pa\u00eds. En la actualidad, los&nbsp;<strong>alumnos del secundario<\/strong>&nbsp;no asisten a clases durante este d\u00eda e incluso muchos celebran al aire libre, en plazas y parques. Adem\u00e1s, algunas&nbsp;<strong>universidades&nbsp;<\/strong>adhieren a esta festividad y permiten a sus estudiantes ausentarse por este d\u00eda.<\/p>\n\n\n\n<p>De todos modos, no es la \u00fanica jornada que se le dedica a\u00a0<strong>Sarmiento\u00a0<\/strong>en el calendario nacional. El\u00a0<strong>11 de septiembre<\/strong>, en la fecha de su fallecimiento, se celebra el\u00a0<strong>D\u00eda del Maestro<\/strong>. La efem\u00e9ride tiene como objetivo, adem\u00e1s de conmemorar al \u201c<strong>padre del aula<\/strong>\u201d por su gran aporte a la educaci\u00f3n y la cultura, elogiar la labor que hacen los\u00a0<strong>docentes\u00a0<\/strong>todos los d\u00edas en las escuelas.<\/p>\n\n\n\n<p><\/p>\n","protected":false},"excerpt":{"rendered":"<p>Cada\u00a021 de septiembre\u00a0se celebran y conmemoran fechas que marcaron un antes y un despu\u00e9s tanto en Argentina como en el mundo. 1947&nbsp;&#8211; STEPHEN KING. Nace en la ciudad de Portland&hellip; <\/p>\n","protected":false},"author":1,"featured_media":227924,"comment_status":"closed","ping_status":"open","sticky":false,"template":"","format":"standard","meta":{"footnotes":""},"categories":[23],"tags":[],"class_list":["post-227922","post","type-post","status-publish","format-standard","has-post-thumbnail","hentry","category-actualidad"],"_links":{"self":[{"href":"https:\/\/corrientesdetarde.com\/index.php\/wp-json\/wp\/v2\/posts\/227922","targetHints":{"allow":["GET"]}}],"collection":[{"href":"https:\/\/corrientesdetarde.com\/index.php\/wp-json\/wp\/v2\/posts"}],"about":[{"href":"https:\/\/corrientesdetarde.com\/index.php\/wp-json\/wp\/v2\/types\/post"}],"author":[{"embeddable":true,"href":"https:\/\/corrientesdetarde.com\/index.php\/wp-json\/wp\/v2\/users\/1"}],"replies":[{"embeddable":true,"href":"https:\/\/corrientesdetarde.com\/index.php\/wp-json\/wp\/v2\/comments?post=227922"}],"version-history":[{"count":1,"href":"https:\/\/corrientesdetarde.com\/index.php\/wp-json\/wp\/v2\/posts\/227922\/revisions"}],"predecessor-version":[{"id":227925,"href":"https:\/\/corrientesdetarde.com\/index.php\/wp-json\/wp\/v2\/posts\/227922\/revisions\/227925"}],"wp:featuredmedia":[{"embeddable":true,"href":"https:\/\/corrientesdetarde.com\/index.php\/wp-json\/wp\/v2\/media\/227924"}],"wp:attachment":[{"href":"https:\/\/corrientesdetarde.com\/index.php\/wp-json\/wp\/v2\/media?parent=227922"}],"wp:term":[{"taxonomy":"category","embeddable":true,"href":"https:\/\/corrientesdetarde.com\/index.php\/wp-json\/wp\/v2\/categories?post=227922"},{"taxonomy":"post_tag","embeddable":true,"href":"https:\/\/corrientesdetarde.com\/index.php\/wp-json\/wp\/v2\/tags?post=227922"}],"curies":[{"name":"wp","href":"https:\/\/api.w.org\/{rel}","templated":true}]}}