{"id":227928,"date":"2025-09-21T08:48:04","date_gmt":"2025-09-21T11:48:04","guid":{"rendered":"https:\/\/corrientesdetarde.com\/?p=227928"},"modified":"2025-09-21T08:48:21","modified_gmt":"2025-09-21T11:48:21","slug":"quien-era-el-motociclista-que-murio-en-el-accidente-del-puente-chaco-corrientes","status":"publish","type":"post","link":"https:\/\/corrientesdetarde.com\/index.php\/policiales\/quien-era-el-motociclista-que-murio-en-el-accidente-del-puente-chaco-corrientes\/","title":{"rendered":"Qui\u00e9n era el motociclista que muri\u00f3 en el accidente del puente Chaco-Corrientes"},"content":{"rendered":"\n<p>Un choque en cadena que involucr\u00f3 a m\u00e1s de una decena de veh\u00edculos en el puente que conecta las provincias de\u00a0<strong>Chaco y Corrientes<\/strong>\u00a0termin\u00f3 con un saldo tr\u00e1gico:\u00a0<strong>un hombre muri\u00f3 tras ser embestido mientras se desplazaba en moto rumbo a su trabajo en la ciudad de Resistencia.<\/strong><\/p>\n\n\n\n<p><\/p>\n\n\n\n<p>Con el paso de las horas, fuentes oficiales confirmaron la identidad del fallecido. Se trata de&nbsp;<strong>Juan Carlos P\u00e9rez, alias \u201cPirulo\u201d<\/strong>. Ten\u00eda 56 a\u00f1os y era&nbsp;<strong>vecino del barrio R\u00edo Paran\u00e1, en el sur de la ciudad de Corrientes<\/strong>. Seg\u00fan esas mismas fuentes, P\u00e9rez era&nbsp;<strong>\u201cun<\/strong>&nbsp;<strong>conocido delincuente con amplio prontuario por robo\u201d.<\/strong><\/p>\n\n\n\n<p>El historial de P\u00e9rez llevaba varios a\u00f1os circulando entre polic\u00edas y vecinos. Distintas noticias en medios correntinos lo hab\u00edan vinculado desde hace<strong>&nbsp;m\u00e1s de una d\u00e9cada con detenciones y robos en la ciudad.<\/strong>&nbsp;Algunas de esas cr\u00f3nicas hablaron de episodios donde habr\u00eda utilizado&nbsp;<strong>a sus propias hijas para cometer delitos.<\/strong><\/p>\n\n\n\n<p>En redes sociales no tardaron en multiplicarse mensajes de usuarios que lo identificaron y recordaron como&nbsp;<strong>autor de distintos robos.<\/strong>&nbsp;<strong>\u201cA mi hija le pidi\u00f3 agua, la empuj\u00f3 y le arrebat\u00f3 el celular. Le rompi\u00f3 los labios\u201d, escribi\u00f3 una persona en Facebook, mientras que otros intercambiaron comentarios contando episodios similares. En todos los casos el bot\u00edn era el mismo: los tel\u00e9fonos celulares.<\/strong><\/p>\n\n\n\n<p><br>P\u00e9rez era padre de tres hijas. Tras su muerte, una de ellas lo despidi\u00f3 con un mensaje en redes sociales. \u201cTe amo pa, me dejaste papito, pero te voy a amar por siempre. Como te voy a extra\u00f1ar hasta el d\u00eda que decidas llevarme con vos. Fuiste el mejor, gracias por todo lo que diste por m\u00ed. Yo voy a acordarme siempre de vos, te amo\u201d, public\u00f3 la joven junto a una imagen familiar.<\/p>\n\n\n\n<p>\u201cPerdoname por no haber estado en ese momento en que estabas tan mal. No estaba preparada, no ten\u00edas que irte as\u00ed. Yo quiero estar a tu lado, no voy a aguantar estar sin vos\u201d, sum\u00f3 en un segundo posteo.<\/p>\n\n\n\n<p><strong>La familia, adem\u00e1s, hizo un pedido de ayuda econ\u00f3mica para enfrentar los gastos del sepelio. La respuesta lleg\u00f3 r\u00e1pido: amigos y allegados, junto con personas sensibilizadas por el caso, colaboraron hasta reunir el dinero necesario.<\/strong><\/p>\n\n\n\n<p>\u201cGracias a todos los que me ayudaron, de coraz\u00f3n. Ya conseguimos lo que necesit\u00e1bamos para despedir a mi pap\u00e1 como se merece\u201d, comunic\u00f3 la misma hija.<\/p>\n\n\n\n<p>El accidente en el que muri\u00f3 P\u00e9rez tuvo lugar en el puente General Manuel Belgrano. El episodio ocurri\u00f3 alrededor de las 16:20, a la altura del kil\u00f3metro 2,2,<strong>&nbsp;cuando un cami\u00f3n perdi\u00f3 el control y provoc\u00f3 una colisi\u00f3n en cadena que involucr\u00f3 autos, camionetas, un colectivo con 50 pasajeros y una moto.<\/strong>&nbsp;El video registrado por las c\u00e1maras de la empresa&nbsp;<strong>SISE en el lugar refleja la magnitud del impacto.<\/strong><\/p>\n\n\n\n<p>Tras ser embestido por el cami\u00f3n,&nbsp;<strong>P\u00e9rez qued\u00f3 atrapado debajo de otro veh\u00edculo<\/strong>. Gente que se encontraba en el lugar levant\u00f3 la camioneta para poder sacarlo. Aunque fue trasladado al Hospital Escuela de Corrientes, no logr\u00f3 sobrevivir.<\/p>\n\n\n\n<p>Adem\u00e1s, otras&nbsp;<strong>dos personas resultaron heridas:<\/strong>&nbsp;una mujer con escoriaciones y un hombre con una lesi\u00f3n cervical, ambos internados en el mismo centro de salud.<\/p>\n\n\n\n<figure class=\"wp-block-image\"><img decoding=\"async\" src=\"https:\/\/pxcdn.ellitoral.com.ar\/litoral\/092025\/1758407986479\/JJJS.png?cw=446\" alt=\"Qui\u00e9n era el motociclista que muri\u00f3 en el accidente del puente Chaco-Corrientes\" title=\"Qui\u00e9n era el motociclista que muri\u00f3 en el accidente del puente Chaco-Corrientes-\"\/><\/figure>\n\n\n\n<p>El conductor del cami\u00f3n,&nbsp;<strong>Nahuel Ruiz, de 27 a\u00f1os, declar\u00f3 que el veh\u00edculo se qued\u00f3 sin frenos<\/strong>. Por el siniestro, adem\u00e1s,<strong>&nbsp;dos autos estuvieron a punto de caer al r\u00edo Paran\u00e1 debido a la violencia del impacto.<\/strong><\/p>\n\n\n\n<p><strong>El accidente oblig\u00f3 a interrumpir totalmente la circulaci\u00f3n en ambos sentidos del puente durante varias horas.<\/strong>&nbsp;En el lugar trabajaron Bomberos de la Polic\u00eda de Corrientes, efectivos de la Polic\u00eda Caminera y personal de Gendarmer\u00eda Nacional.<\/p>\n\n\n\n<p>Por el hecho se inici\u00f3 una investigaci\u00f3n judicial que qued\u00f3 en manos del fiscal de turno,<strong>&nbsp;V\u00edctor Recio<\/strong>. El camionero se encuentra detenido por&nbsp;<strong>homicidio culposo.<\/strong><\/p>\n","protected":false},"excerpt":{"rendered":"<p>Un choque en cadena que involucr\u00f3 a m\u00e1s de una decena de veh\u00edculos en el puente que conecta las provincias de\u00a0Chaco y Corrientes\u00a0termin\u00f3 con un saldo tr\u00e1gico:\u00a0un hombre muri\u00f3 tras&hellip; <\/p>\n","protected":false},"author":1,"featured_media":227929,"comment_status":"closed","ping_status":"open","sticky":false,"template":"","format":"standard","meta":{"footnotes":""},"categories":[33],"tags":[],"class_list":["post-227928","post","type-post","status-publish","format-standard","has-post-thumbnail","hentry","category-policiales"],"_links":{"self":[{"href":"https:\/\/corrientesdetarde.com\/index.php\/wp-json\/wp\/v2\/posts\/227928","targetHints":{"allow":["GET"]}}],"collection":[{"href":"https:\/\/corrientesdetarde.com\/index.php\/wp-json\/wp\/v2\/posts"}],"about":[{"href":"https:\/\/corrientesdetarde.com\/index.php\/wp-json\/wp\/v2\/types\/post"}],"author":[{"embeddable":true,"href":"https:\/\/corrientesdetarde.com\/index.php\/wp-json\/wp\/v2\/users\/1"}],"replies":[{"embeddable":true,"href":"https:\/\/corrientesdetarde.com\/index.php\/wp-json\/wp\/v2\/comments?post=227928"}],"version-history":[{"count":1,"href":"https:\/\/corrientesdetarde.com\/index.php\/wp-json\/wp\/v2\/posts\/227928\/revisions"}],"predecessor-version":[{"id":227930,"href":"https:\/\/corrientesdetarde.com\/index.php\/wp-json\/wp\/v2\/posts\/227928\/revisions\/227930"}],"wp:featuredmedia":[{"embeddable":true,"href":"https:\/\/corrientesdetarde.com\/index.php\/wp-json\/wp\/v2\/media\/227929"}],"wp:attachment":[{"href":"https:\/\/corrientesdetarde.com\/index.php\/wp-json\/wp\/v2\/media?parent=227928"}],"wp:term":[{"taxonomy":"category","embeddable":true,"href":"https:\/\/corrientesdetarde.com\/index.php\/wp-json\/wp\/v2\/categories?post=227928"},{"taxonomy":"post_tag","embeddable":true,"href":"https:\/\/corrientesdetarde.com\/index.php\/wp-json\/wp\/v2\/tags?post=227928"}],"curies":[{"name":"wp","href":"https:\/\/api.w.org\/{rel}","templated":true}]}}