{"id":227935,"date":"2025-09-21T10:25:43","date_gmt":"2025-09-21T13:25:43","guid":{"rendered":"https:\/\/corrientesdetarde.com\/?p=227935"},"modified":"2025-09-21T10:25:54","modified_gmt":"2025-09-21T13:25:54","slug":"intensa-busqueda-de-una-mujer-desaparecida-en-corrientes","status":"publish","type":"post","link":"https:\/\/corrientesdetarde.com\/index.php\/policiales\/intensa-busqueda-de-una-mujer-desaparecida-en-corrientes\/","title":{"rendered":"Intensa b\u00fasqueda de una mujer desaparecida en Corrientes"},"content":{"rendered":"\n<p>La\u00a0<strong>Polic\u00eda de Corrientes<\/strong>\u00a0pide\u00a0<strong>colaboraci\u00f3n\u00a0<\/strong>a la poblaci\u00f3n para\u00a0<strong>encontrar\u00a0<\/strong>a una\u00a0<strong>mujer\u00a0<\/strong>que est\u00e1 desaparecida en la\u00a0<strong>ciudad capital<\/strong>.<\/p>\n\n\n\n<p><\/p>\n\n\n\n<p>e trata de&nbsp;<strong>Mercedes Elizabeth Maciel&nbsp;<\/strong>de&nbsp;<strong>27 a\u00f1os<\/strong>, fue vista por \u00faltima vez el jueves 18. La denuncia de la desaparici\u00f3n de Macien se realiz\u00f3 el s\u00e1bado en la<strong>&nbsp;Comisar\u00eda VII Urbana<\/strong>, tras lo cual tom\u00f3 intervenci\u00f3n la<strong>&nbsp;Unidad Fiscal&nbsp;<\/strong>de turno.<\/p>\n\n\n\n<p>Mercedes responde a las&nbsp;<strong>siguientes caracter\u00edsticas&nbsp;<\/strong>f\u00edsicas:&nbsp;<strong>1,50<\/strong>&nbsp;metros de&nbsp;<strong>estatura<\/strong>,&nbsp;<strong>pelo largo&nbsp;<\/strong>de color casta\u00f1o,&nbsp;<strong>tez blanca<\/strong>,&nbsp;<strong>ojos&nbsp;<\/strong>color&nbsp;<strong>marr\u00f3n<\/strong>, contextura&nbsp;<strong>robusta<\/strong>.<\/p>\n\n\n\n<p>Como&nbsp;<strong>se\u00f1as particulares&nbsp;<\/strong>tiene&nbsp;<strong>cicatrices&nbsp;<\/strong>en el&nbsp;<strong>antebrazo izquierdo<\/strong>, y posee un&nbsp;<strong>tatuaje&nbsp;<\/strong>de una&nbsp;<strong>rosa&nbsp;<\/strong>de&nbsp;<strong>color rojo&nbsp;<\/strong>y color&nbsp;<strong>verde&nbsp;<\/strong>en el&nbsp;<strong>lado externo pierna derecha&nbsp;<\/strong>a la altura de la pantorrilla.<\/p>\n\n\n\n<p>La \u00faltima vez que fue vista,&nbsp;<strong>llevaba puesto&nbsp;<\/strong>una&nbsp;<strong>calza&nbsp;<\/strong>color negra y una&nbsp;<strong>remera&nbsp;<\/strong>color rosa.<\/p>\n\n\n\n<p>Quienes puedan aportar datos ciertos, favor de acercarse a la dependencia mencionada o comunicarse al 3794-443304 o la comisar\u00eda m\u00e1s cercana a su domicilio y\/o comunicarse 911 en la Capital y 101 en el Interior Provincial.<\/p>\n","protected":false},"excerpt":{"rendered":"<p>La\u00a0Polic\u00eda de Corrientes\u00a0pide\u00a0colaboraci\u00f3n\u00a0a la poblaci\u00f3n para\u00a0encontrar\u00a0a una\u00a0mujer\u00a0que est\u00e1 desaparecida en la\u00a0ciudad capital. e trata de&nbsp;Mercedes Elizabeth Maciel&nbsp;de&nbsp;27 a\u00f1os, fue vista por \u00faltima vez el jueves 18. La denuncia de la&hellip; <\/p>\n","protected":false},"author":1,"featured_media":227937,"comment_status":"closed","ping_status":"open","sticky":false,"template":"","format":"standard","meta":{"footnotes":""},"categories":[33],"tags":[],"class_list":["post-227935","post","type-post","status-publish","format-standard","has-post-thumbnail","hentry","category-policiales"],"_links":{"self":[{"href":"https:\/\/corrientesdetarde.com\/index.php\/wp-json\/wp\/v2\/posts\/227935","targetHints":{"allow":["GET"]}}],"collection":[{"href":"https:\/\/corrientesdetarde.com\/index.php\/wp-json\/wp\/v2\/posts"}],"about":[{"href":"https:\/\/corrientesdetarde.com\/index.php\/wp-json\/wp\/v2\/types\/post"}],"author":[{"embeddable":true,"href":"https:\/\/corrientesdetarde.com\/index.php\/wp-json\/wp\/v2\/users\/1"}],"replies":[{"embeddable":true,"href":"https:\/\/corrientesdetarde.com\/index.php\/wp-json\/wp\/v2\/comments?post=227935"}],"version-history":[{"count":1,"href":"https:\/\/corrientesdetarde.com\/index.php\/wp-json\/wp\/v2\/posts\/227935\/revisions"}],"predecessor-version":[{"id":227938,"href":"https:\/\/corrientesdetarde.com\/index.php\/wp-json\/wp\/v2\/posts\/227935\/revisions\/227938"}],"wp:featuredmedia":[{"embeddable":true,"href":"https:\/\/corrientesdetarde.com\/index.php\/wp-json\/wp\/v2\/media\/227937"}],"wp:attachment":[{"href":"https:\/\/corrientesdetarde.com\/index.php\/wp-json\/wp\/v2\/media?parent=227935"}],"wp:term":[{"taxonomy":"category","embeddable":true,"href":"https:\/\/corrientesdetarde.com\/index.php\/wp-json\/wp\/v2\/categories?post=227935"},{"taxonomy":"post_tag","embeddable":true,"href":"https:\/\/corrientesdetarde.com\/index.php\/wp-json\/wp\/v2\/tags?post=227935"}],"curies":[{"name":"wp","href":"https:\/\/api.w.org\/{rel}","templated":true}]}}