{"id":227950,"date":"2025-09-21T21:44:11","date_gmt":"2025-09-22T00:44:11","guid":{"rendered":"https:\/\/corrientesdetarde.com\/?p=227950"},"modified":"2025-09-21T21:44:32","modified_gmt":"2025-09-22T00:44:32","slug":"sin-servicio-de-colectivos-entre-chaco-y-corrientes-por-el-grave-accidente-en-el-puente-general-belgrano","status":"publish","type":"post","link":"https:\/\/corrientesdetarde.com\/index.php\/actualidad\/sin-servicio-de-colectivos-entre-chaco-y-corrientes-por-el-grave-accidente-en-el-puente-general-belgrano\/","title":{"rendered":"Sin servicio de colectivos entre Chaco y Corrientes por el grave accidente en el puente General Belgrano"},"content":{"rendered":"\n<p>Seg\u00fan confirmaron los propios pasajeros a trav\u00e9s de los grupos de mensajer\u00eda que suelen utilizar para mantenerse informados, &#8220;el servicio de colectivos Chaco-Corrientes se encuentra sin funcionamiento. Ninguna empresa puede circular por el puente debido al corte&#8221;.<\/p>\n\n\n\n<p>Un choque en cadena ocurrido este viernes por la tarde en el puente General Manuel Belgrano provoc\u00f3 el corte total del tr\u00e1nsito y la suspensi\u00f3n completa del servicio de colectivos que conecta Resistencia con Corrientes. El siniestro, registrado alrededor de las 16:30, gener\u00f3 un colapso en la principal v\u00eda interprovincial, obligando a cientos de usuarios a cruzar caminando entre ambas capitales.<\/p>\n\n\n\n<p>Seg\u00fan confirmaron los propios pasajeros a trav\u00e9s de los grupos de mensajer\u00eda que suelen utilizar para mantenerse informados, &#8220;el servicio de colectivos Chaco-Corrientes se encuentra sin funcionamiento. Ninguna empresa puede circular por el puente debido al corte&#8221;.<\/p>\n\n\n\n<p>Como consecuencia, se registran demoras de hasta cuatro horas para atravesar el trayecto habitual. Muchas personas debieron caminar largos tramos bajo altas temperaturas, cargando mochilas, bolsos e incluso acompa\u00f1ando a ni\u00f1os y adultos mayores.<\/p>\n\n\n\n<p>Del lado chaque\u00f1o, el tr\u00e1nsito particular solo puede avanzar hasta la rotonda cercana a la estaci\u00f3n de servicio YPF. En Corrientes, en tanto, los veh\u00edculos se detienen en la explanada del puente, desde donde los peatones contin\u00faan a pie.<\/p>\n\n\n\n<p>Se estima que la situaci\u00f3n podr\u00eda normalizarse hacia las 22 horas, aunque no hay una confirmaci\u00f3n oficial por parte de las autoridades provinciales ni de las empresas de transporte.<\/p>\n\n\n\n<p>Mientras tanto, en redes sociales se multiplicaron las quejas de los usuarios por la falta de informaci\u00f3n y la ausencia de alternativas de traslado. Algunos pasajeros tambi\u00e9n denunciaron que las paradas de colectivos quedaron desbordadas y sin asistencia, lo que agrav\u00f3 a\u00fan m\u00e1s el malestar general.<\/p>\n","protected":false},"excerpt":{"rendered":"<p>Seg\u00fan confirmaron los propios pasajeros a trav\u00e9s de los grupos de mensajer\u00eda que suelen utilizar para mantenerse informados, &#8220;el servicio de colectivos Chaco-Corrientes se encuentra sin funcionamiento. Ninguna empresa puede&hellip; <\/p>\n","protected":false},"author":4,"featured_media":227956,"comment_status":"closed","ping_status":"open","sticky":false,"template":"","format":"standard","meta":{"footnotes":""},"categories":[23],"tags":[],"class_list":["post-227950","post","type-post","status-publish","format-standard","has-post-thumbnail","hentry","category-actualidad"],"_links":{"self":[{"href":"https:\/\/corrientesdetarde.com\/index.php\/wp-json\/wp\/v2\/posts\/227950","targetHints":{"allow":["GET"]}}],"collection":[{"href":"https:\/\/corrientesdetarde.com\/index.php\/wp-json\/wp\/v2\/posts"}],"about":[{"href":"https:\/\/corrientesdetarde.com\/index.php\/wp-json\/wp\/v2\/types\/post"}],"author":[{"embeddable":true,"href":"https:\/\/corrientesdetarde.com\/index.php\/wp-json\/wp\/v2\/users\/4"}],"replies":[{"embeddable":true,"href":"https:\/\/corrientesdetarde.com\/index.php\/wp-json\/wp\/v2\/comments?post=227950"}],"version-history":[{"count":2,"href":"https:\/\/corrientesdetarde.com\/index.php\/wp-json\/wp\/v2\/posts\/227950\/revisions"}],"predecessor-version":[{"id":227958,"href":"https:\/\/corrientesdetarde.com\/index.php\/wp-json\/wp\/v2\/posts\/227950\/revisions\/227958"}],"wp:featuredmedia":[{"embeddable":true,"href":"https:\/\/corrientesdetarde.com\/index.php\/wp-json\/wp\/v2\/media\/227956"}],"wp:attachment":[{"href":"https:\/\/corrientesdetarde.com\/index.php\/wp-json\/wp\/v2\/media?parent=227950"}],"wp:term":[{"taxonomy":"category","embeddable":true,"href":"https:\/\/corrientesdetarde.com\/index.php\/wp-json\/wp\/v2\/categories?post=227950"},{"taxonomy":"post_tag","embeddable":true,"href":"https:\/\/corrientesdetarde.com\/index.php\/wp-json\/wp\/v2\/tags?post=227950"}],"curies":[{"name":"wp","href":"https:\/\/api.w.org\/{rel}","templated":true}]}}