{"id":227951,"date":"2025-09-21T21:26:45","date_gmt":"2025-09-22T00:26:45","guid":{"rendered":"https:\/\/corrientesdetarde.com\/?p=227951"},"modified":"2025-09-21T21:26:57","modified_gmt":"2025-09-22T00:26:57","slug":"fec-y-fechaco-reclamaron-por-la-construccion-del-segundo-puente-chaco-corrientes","status":"publish","type":"post","link":"https:\/\/corrientesdetarde.com\/index.php\/destacados\/fec-y-fechaco-reclamaron-por-la-construccion-del-segundo-puente-chaco-corrientes\/","title":{"rendered":"FEC y FECHACO reclamaron por la construcci\u00f3n del segundo puente Chaco\u2013Corrientes"},"content":{"rendered":"\n<p>La&nbsp;<strong>Federaci\u00f3n Econ\u00f3mica de Corrientes (FEC)<\/strong>&nbsp;y la&nbsp;<strong>Federaci\u00f3n Econ\u00f3mica del Chaco (FECHACO)<\/strong>&nbsp;manifestaron su &#8220;profunda preocupaci\u00f3n&#8221; por el grave accidente ocurrido recientemente en el&nbsp;<strong>puente General Manuel Belgrano<\/strong>, que volvi\u00f3 a poner en evidencia la fragilidad de la infraestructura que une a ambas provincias y la urgente necesidad de avanzar con el proyecto del&nbsp;<strong>segundo puente Chaco\u2013Corrientes<\/strong>.<\/p>\n\n\n\n<p>A trav\u00e9s de un comunicado conjunto, las entidades remarcaron que miles de ciudadanos, trabajadores y transportistas dependen diariamente de este viaducto y que el hecho ocurrido &#8220;reafirma lo que venimos se\u00f1alando desde hace a\u00f1os: la necesidad urgente e impostergable de avanzar con la construcci\u00f3n del segundo puente&#8221;.<\/p>\n\n\n\n<p>Las federaciones advirtieron adem\u00e1s que es indispensable adoptar medidas inmediatas de prevenci\u00f3n y respuesta ante emergencias, dado que los episodios de riesgo son cada vez m\u00e1s frecuentes y comprometen no solo la continuidad del tr\u00e1nsito y la log\u00edstica regional, sino tambi\u00e9n la seguridad de las personas.<\/p>\n\n\n\n<p>En ese sentido, instaron al Gobierno Nacional, al Gobierno de Corrientes y al Gobierno del Chaco a &#8220;retomar a la mayor brevedad las acciones necesarias para materializar esta obra prioritaria, con la celeridad que la ciudadan\u00eda demanda y merece&#8221;.<\/p>\n\n\n\n<p>&#8220;Estamos convencidos de que el segundo puente no solo resolver\u00e1 los problemas actuales de congesti\u00f3n y riesgos, sino que constituir\u00e1 un motor de crecimiento y oportunidades para toda la regi\u00f3n&#8221;, concluye el documento firmado por la FEC y FECHACO<\/p>\n","protected":false},"excerpt":{"rendered":"<p>La&nbsp;Federaci\u00f3n Econ\u00f3mica de Corrientes (FEC)&nbsp;y la&nbsp;Federaci\u00f3n Econ\u00f3mica del Chaco (FECHACO)&nbsp;manifestaron su &#8220;profunda preocupaci\u00f3n&#8221; por el grave accidente ocurrido recientemente en el&nbsp;puente General Manuel Belgrano, que volvi\u00f3 a poner en evidencia&hellip; <\/p>\n","protected":false},"author":4,"featured_media":227954,"comment_status":"closed","ping_status":"open","sticky":false,"template":"","format":"standard","meta":{"footnotes":""},"categories":[26],"tags":[],"class_list":["post-227951","post","type-post","status-publish","format-standard","has-post-thumbnail","hentry","category-destacados"],"_links":{"self":[{"href":"https:\/\/corrientesdetarde.com\/index.php\/wp-json\/wp\/v2\/posts\/227951","targetHints":{"allow":["GET"]}}],"collection":[{"href":"https:\/\/corrientesdetarde.com\/index.php\/wp-json\/wp\/v2\/posts"}],"about":[{"href":"https:\/\/corrientesdetarde.com\/index.php\/wp-json\/wp\/v2\/types\/post"}],"author":[{"embeddable":true,"href":"https:\/\/corrientesdetarde.com\/index.php\/wp-json\/wp\/v2\/users\/4"}],"replies":[{"embeddable":true,"href":"https:\/\/corrientesdetarde.com\/index.php\/wp-json\/wp\/v2\/comments?post=227951"}],"version-history":[{"count":1,"href":"https:\/\/corrientesdetarde.com\/index.php\/wp-json\/wp\/v2\/posts\/227951\/revisions"}],"predecessor-version":[{"id":227955,"href":"https:\/\/corrientesdetarde.com\/index.php\/wp-json\/wp\/v2\/posts\/227951\/revisions\/227955"}],"wp:featuredmedia":[{"embeddable":true,"href":"https:\/\/corrientesdetarde.com\/index.php\/wp-json\/wp\/v2\/media\/227954"}],"wp:attachment":[{"href":"https:\/\/corrientesdetarde.com\/index.php\/wp-json\/wp\/v2\/media?parent=227951"}],"wp:term":[{"taxonomy":"category","embeddable":true,"href":"https:\/\/corrientesdetarde.com\/index.php\/wp-json\/wp\/v2\/categories?post=227951"},{"taxonomy":"post_tag","embeddable":true,"href":"https:\/\/corrientesdetarde.com\/index.php\/wp-json\/wp\/v2\/tags?post=227951"}],"curies":[{"name":"wp","href":"https:\/\/api.w.org\/{rel}","templated":true}]}}