{"id":227959,"date":"2025-09-21T21:45:38","date_gmt":"2025-09-22T00:45:38","guid":{"rendered":"https:\/\/corrientesdetarde.com\/?p=227959"},"modified":"2025-09-21T21:45:50","modified_gmt":"2025-09-22T00:45:50","slug":"corrientes-lautaro-y-abigail-desean-ser-adoptados-por-una-familia-que-los-mantenga-unidos","status":"publish","type":"post","link":"https:\/\/corrientesdetarde.com\/index.php\/sociales\/corrientes-lautaro-y-abigail-desean-ser-adoptados-por-una-familia-que-los-mantenga-unidos\/","title":{"rendered":"Corrientes: Lautaro y Abigail desean ser adoptados por una familia que los mantenga unidos"},"content":{"rendered":"\n<p>El Juzgado de Familia N\u00b02 de Goya lanz\u00f3 una convocatoria p\u00fablica para encontrar un hogar a los hermanos de 14 y 12 a\u00f1os que sue\u00f1an con crecer juntos.<\/p>\n\n\n\n<p>El Juzgado de Familia, Ni\u00f1ez y Adolescencia N\u00b02 de Goya, a cargo de la doctora Mar\u00eda Gabriela Dadone, lanz\u00f3 una convocatoria p\u00fablica de adopci\u00f3n con un pedido especial: encontrar una familia para Lautaro (14) y Abigail (12), dos hermanos que anhelan seguir compartiendo la vida juntos y no ser separados.<\/p>\n\n\n\n<h2 class=\"wp-block-heading\">Lautaro, un joven con liderazgo y pasi\u00f3n por el deporte<\/h2>\n\n\n\n<p>Lautaro es un adolescente con un gran potencial. Se caracteriza por su liderazgo dentro de su grupo de amigos y por su inter\u00e9s en la calistenia y el entrenamiento f\u00edsico. Aunque atraves\u00f3 algunas dificultades en su trayectoria escolar, hoy cursa sexto grado con un rendimiento positivo. Adem\u00e1s, recibe apoyo psicopedag\u00f3gico y psicol\u00f3gico para seguir fortaleciendo sus aprendizajes y su bienestar emocional.<\/p>\n\n\n\n<h2 class=\"wp-block-heading\">Abigail, sensible, cari\u00f1osa y amante de los deportes<\/h2>\n\n\n\n<p>Abigail es una ni\u00f1a de 12 a\u00f1os alegre y muy sociable. Le gusta andar en bicicleta, patinar, jugar v\u00f3ley y tenis, adem\u00e1s de compartir momentos en la cocina, mirar pel\u00edculas y escuchar m\u00fasica. Actualmente cursa cuarto grado, con buenos avances en sus estudios, y tambi\u00e9n cuenta con acompa\u00f1amiento psicol\u00f3gico para su desarrollo personal.<\/p>\n\n\n\n<h2 class=\"wp-block-heading\">Un mismo deseo: crecer juntos en una familia<\/h2>\n\n\n\n<p>Los hermanos sue\u00f1an con un hogar donde puedan sentirse seguros, protegidos y queridos. Aspiran a una familia que les brinde cari\u00f1o, normas claras y comunicaci\u00f3n honesta, as\u00ed como tiempo de calidad compartido. Lautaro y Abigail desean que se les acompa\u00f1e en sus proyectos personales y que se los apoye en la construcci\u00f3n de un futuro lleno de esperanza.<\/p>\n\n\n\n<h2 class=\"wp-block-heading\">C\u00f3mo postularse para la adopci\u00f3n<\/h2>\n\n\n\n<p>Las familias interesadas en brindarles un hogar a los hermanos pueden comunicarse con el Juzgado de Familia, Ni\u00f1ez y Adolescencia N\u00ba 2 de Goya a trav\u00e9s de los siguientes canales:<\/p>\n\n\n\n<p>Direcci\u00f3n: Col\u00f3n N\u00ba 1073 \u2013 Goya, Corrientes<\/p>\n\n\n\n<p>Tel\u00e9fono\/Whatsapp: 3777642222<\/p>\n\n\n\n<p>Correo:&nbsp;jfamilianya2-goya@juscorrientes.gov.ar<\/p>\n","protected":false},"excerpt":{"rendered":"<p>El Juzgado de Familia N\u00b02 de Goya lanz\u00f3 una convocatoria p\u00fablica para encontrar un hogar a los hermanos de 14 y 12 a\u00f1os que sue\u00f1an con crecer juntos. El Juzgado&hellip; <\/p>\n","protected":false},"author":4,"featured_media":227960,"comment_status":"closed","ping_status":"open","sticky":false,"template":"","format":"standard","meta":{"footnotes":""},"categories":[17],"tags":[],"class_list":["post-227959","post","type-post","status-publish","format-standard","has-post-thumbnail","hentry","category-sociales"],"_links":{"self":[{"href":"https:\/\/corrientesdetarde.com\/index.php\/wp-json\/wp\/v2\/posts\/227959","targetHints":{"allow":["GET"]}}],"collection":[{"href":"https:\/\/corrientesdetarde.com\/index.php\/wp-json\/wp\/v2\/posts"}],"about":[{"href":"https:\/\/corrientesdetarde.com\/index.php\/wp-json\/wp\/v2\/types\/post"}],"author":[{"embeddable":true,"href":"https:\/\/corrientesdetarde.com\/index.php\/wp-json\/wp\/v2\/users\/4"}],"replies":[{"embeddable":true,"href":"https:\/\/corrientesdetarde.com\/index.php\/wp-json\/wp\/v2\/comments?post=227959"}],"version-history":[{"count":1,"href":"https:\/\/corrientesdetarde.com\/index.php\/wp-json\/wp\/v2\/posts\/227959\/revisions"}],"predecessor-version":[{"id":227961,"href":"https:\/\/corrientesdetarde.com\/index.php\/wp-json\/wp\/v2\/posts\/227959\/revisions\/227961"}],"wp:featuredmedia":[{"embeddable":true,"href":"https:\/\/corrientesdetarde.com\/index.php\/wp-json\/wp\/v2\/media\/227960"}],"wp:attachment":[{"href":"https:\/\/corrientesdetarde.com\/index.php\/wp-json\/wp\/v2\/media?parent=227959"}],"wp:term":[{"taxonomy":"category","embeddable":true,"href":"https:\/\/corrientesdetarde.com\/index.php\/wp-json\/wp\/v2\/categories?post=227959"},{"taxonomy":"post_tag","embeddable":true,"href":"https:\/\/corrientesdetarde.com\/index.php\/wp-json\/wp\/v2\/tags?post=227959"}],"curies":[{"name":"wp","href":"https:\/\/api.w.org\/{rel}","templated":true}]}}