{"id":228036,"date":"2025-09-22T08:53:51","date_gmt":"2025-09-22T11:53:51","guid":{"rendered":"https:\/\/corrientesdetarde.com\/?p=228036"},"modified":"2025-09-22T08:53:58","modified_gmt":"2025-09-22T11:53:58","slug":"wanda-nara-presumio-el-regalo-que-su-nuevo-novio-les-dio-a-todas-las-mujeres-de-su-familia","status":"publish","type":"post","link":"https:\/\/corrientesdetarde.com\/index.php\/espectaculos\/wanda-nara-presumio-el-regalo-que-su-nuevo-novio-les-dio-a-todas-las-mujeres-de-su-familia\/","title":{"rendered":"Wanda Nara presumi\u00f3 el regalo que su nuevo novio les dio a todas las mujeres de su familia"},"content":{"rendered":"\n<p>La medi\u00e1tica mostr\u00f3 c\u00f3mo el empresario se las ingeni\u00f3 para sorprenderla por el D\u00eda de la Primavera.<\/p>\n\n\n\n<p><strong>Wanda Nara<\/strong> volvi\u00f3 a dejar en claro que su romance con\u00a0<strong>Mart\u00edn Migueles\u00a0<\/strong>marcha de la mejor manera. En las \u00faltimas horas, mostr\u00f3 c\u00f3mo la sorprendi\u00f3 por el D\u00eda de la Primavera: no solo\u00a0<strong>le mand\u00f3 flores amarillas<\/strong>\u00a0a ella, sino a todas las mujeres de su familia.<\/p>\n\n\n\n<p>El detalle no pas\u00f3 inadvertido en las redes sociales, donde la medi\u00e1tica comparti\u00f3 im\u00e1genes del obsequio, acompa\u00f1adas de la letra \u201cM\u201d, en alusi\u00f3n a su nuevo novio. Adem\u00e1s,<strong>&nbsp;Nora Colosimo tambi\u00e9n se sum\u00f3 a los agradecimientos y public\u00f3: \u201cGracias, Mart\u00edn\u201d.<\/strong><\/p>\n\n\n\n<p>La elecci\u00f3n de las flores amarillas no es casualidad: desde la recordada telenovela&nbsp;<em>Floricienta<\/em>, este regalo se convirti\u00f3 en s\u00edmbolo de amor verdadero y felicidad, sobre todo en fechas como el 21 de septiembre. Y, en m\u00e1s de una oportunidad, la conductora de<em>&nbsp;MasterChef (Telefe)&nbsp;<\/em>dej\u00f3 en claro que son sus favoritas.<\/p>\n\n\n\n<figure class=\"wp-block-image\"><img decoding=\"async\" src=\"https:\/\/tn.com.ar\/resizer\/v2\/wanda-nara-mostro-las-flores-amarillas-que-le-mando-martin-migueles-su-nuevo-novio-foto-instagram-wandanara-JISTJYLPD5DM5PQX6XBSOK4FGA.jpg?auth=dcdd6acf41ebea53a7d4bf57d955b67c95ad7c3efceff65af70d1f6798952395&amp;width=767\" alt=\"Wanda Nara mostr\u00f3 las flores amarillas que le mand\u00f3 Mart\u00edn Migueles, su nuevo novio. (Foto: Instagram \/ wanda_nara)\"\/><\/figure>\n\n\n\n<figure class=\"wp-block-image\"><img decoding=\"async\" src=\"https:\/\/tn.com.ar\/resizer\/v2\/nora-colosimo-compartio-una-foto-del-ramo-de-flores-que-le-mando-martin-migueles-el-nuevo-novio-de-wanda-nara-foto-instagram-noracolosimo-ZNANYHIETRHLJH7GZGTVIY4TX4.JPG?auth=e2de07abb2af7a1a5b0a0dca471bc725620b53381ff86d4e3d7df7c93b7cb6c3&amp;width=767\" alt=\"Nora Colosimo comparti\u00f3 una foto del ramo de flores que le mand\u00f3 Mart\u00edn Migueles, el nuevo novio de Wanda Nara. (Foto: Instagram \/ nora_colosimo)\"\/><\/figure>\n\n\n\n<h3 class=\"wp-block-heading\">La relaci\u00f3n y la integraci\u00f3n familiar<\/h3>\n\n\n\n<p><strong>El acercamiento entre Wanda y Migueles comenz\u00f3 en Nordelta<\/strong>, donde eran vecinos en el barrio Yacht. La empresaria relat\u00f3 que todo empez\u00f3 con gestos de amistad, como los asados que \u00e9l organizaba, hasta que, tras su separaci\u00f3n definitiva de L-Gante, la relaci\u00f3n tom\u00f3 otro rumbo.<\/p>\n\n\n\n<p>Desde entonces, \u00e9l no solo la acompa\u00f1a en viajes laborales y salidas familiares, sino que tambi\u00e9n se integr\u00f3 en momentos \u00edntimos.<\/p>\n\n\n\n<figure class=\"wp-block-image\"><img decoding=\"async\" src=\"https:\/\/tn.com.ar\/resizer\/v2\/la-foto-familiar-que-wanda-nara-se-saco-en-la-casa-de-martin-migueles-segun-pochis-de-gossipeame-foto-instagramwandanara-VMR3EPLABVGP5MFP5CO6CP6MTE.JPG?auth=4da9bb7c1357009a7f4aff8f0fca4ebe081341d828db4e95ebb32c7695a2650b&amp;width=767\" alt=\"La foto familiar que Wanda Nara se sac\u00f3 en la casa de Mart\u00edn Migueles, seg\u00fan Pochis de Gossipeame. (Foto: Instagram\/wanda_nara)\"\/><\/figure>\n\n\n\n<p>Incluso,<strong>&nbsp;el \u00faltimo fin de semana se mostr\u00f3 junto a Maxi L\u00f3pez, expareja de la conductora, en un asado familiar en Nordelta.<\/strong>&nbsp;All\u00ed participaron los tres hijos que Wanda tuvo con L\u00f3pez, sus dos hijas menores \u2014fruto de su relaci\u00f3n con Mauro Icardi\u2014, adem\u00e1s de Zaira Nara y Andr\u00e9s Nara, padre de la conductora.<\/p>\n\n\n\n<p>Un detalle llam\u00f3 la atenci\u00f3n:&nbsp;<strong>seg\u00fan revel\u00f3 Pochi de&nbsp;<\/strong><em><strong>Gossipeame<\/strong><\/em><strong>, la reuni\u00f3n se realiz\u00f3 en la casa de Migueles.<\/strong>&nbsp;En las im\u00e1genes se lo vio compartiendo una comida sencilla y distendida junto a toda la familia, confirmando su integraci\u00f3n definitiva al c\u00edrculo m\u00e1s \u00edntimo de Wanda.<\/p>\n","protected":false},"excerpt":{"rendered":"<p>La medi\u00e1tica mostr\u00f3 c\u00f3mo el empresario se las ingeni\u00f3 para sorprenderla por el D\u00eda de la Primavera. Wanda Nara volvi\u00f3 a dejar en claro que su romance con\u00a0Mart\u00edn Migueles\u00a0marcha de&hellip; <\/p>\n","protected":false},"author":8,"featured_media":228037,"comment_status":"closed","ping_status":"open","sticky":false,"template":"","format":"standard","meta":{"footnotes":""},"categories":[19],"tags":[],"class_list":["post-228036","post","type-post","status-publish","format-standard","has-post-thumbnail","hentry","category-espectaculos"],"_links":{"self":[{"href":"https:\/\/corrientesdetarde.com\/index.php\/wp-json\/wp\/v2\/posts\/228036","targetHints":{"allow":["GET"]}}],"collection":[{"href":"https:\/\/corrientesdetarde.com\/index.php\/wp-json\/wp\/v2\/posts"}],"about":[{"href":"https:\/\/corrientesdetarde.com\/index.php\/wp-json\/wp\/v2\/types\/post"}],"author":[{"embeddable":true,"href":"https:\/\/corrientesdetarde.com\/index.php\/wp-json\/wp\/v2\/users\/8"}],"replies":[{"embeddable":true,"href":"https:\/\/corrientesdetarde.com\/index.php\/wp-json\/wp\/v2\/comments?post=228036"}],"version-history":[{"count":1,"href":"https:\/\/corrientesdetarde.com\/index.php\/wp-json\/wp\/v2\/posts\/228036\/revisions"}],"predecessor-version":[{"id":228038,"href":"https:\/\/corrientesdetarde.com\/index.php\/wp-json\/wp\/v2\/posts\/228036\/revisions\/228038"}],"wp:featuredmedia":[{"embeddable":true,"href":"https:\/\/corrientesdetarde.com\/index.php\/wp-json\/wp\/v2\/media\/228037"}],"wp:attachment":[{"href":"https:\/\/corrientesdetarde.com\/index.php\/wp-json\/wp\/v2\/media?parent=228036"}],"wp:term":[{"taxonomy":"category","embeddable":true,"href":"https:\/\/corrientesdetarde.com\/index.php\/wp-json\/wp\/v2\/categories?post=228036"},{"taxonomy":"post_tag","embeddable":true,"href":"https:\/\/corrientesdetarde.com\/index.php\/wp-json\/wp\/v2\/tags?post=228036"}],"curies":[{"name":"wp","href":"https:\/\/api.w.org\/{rel}","templated":true}]}}