{"id":228042,"date":"2025-09-22T09:24:38","date_gmt":"2025-09-22T12:24:38","guid":{"rendered":"https:\/\/corrientesdetarde.com\/?p=228042"},"modified":"2025-09-22T09:25:09","modified_gmt":"2025-09-22T12:25:09","slug":"dura-critica-de-la-provincia-a-nacion-por-la-eliminacion-temporal-de-las-retenciones-para-todos-los-granos","status":"publish","type":"post","link":"https:\/\/corrientesdetarde.com\/index.php\/politica\/dura-critica-de-la-provincia-a-nacion-por-la-eliminacion-temporal-de-las-retenciones-para-todos-los-granos\/","title":{"rendered":"Dura cr\u00edtica de la Provincia a Naci\u00f3n por la eliminaci\u00f3n temporal de las retenciones para todos los granos"},"content":{"rendered":"\n<p>El ministro de gobierno provincial Carlos Bianco cuestion\u00f3 la medida de la Casa Rosada que busca impulsar la oferta de d\u00f3lares. Regir\u00e1 hasta el 31 de octubre.<\/p>\n\n\n\n<p>Duras cr\u00edticas del gobierno bonaerense a la la Casa Rosada por la\u00a0<strong>eliminaci\u00f3n de retenciones a la soja y otros granos: \u201cRascando la olla\u201d.\u00a0<\/strong>El ministro de gobierno provincial,\u00a0<strong>Carlos Bianco,<\/strong>\u00a0cuestion\u00f3 la medida de Naci\u00f3n, que regir\u00e1 hasta el\u00a0<strong>31 de octubre.<\/strong><\/p>\n\n\n\n<p>La medida fue anunciada por el vocero presidencial,\u00a0<strong>Manuel Adorni,<\/strong>\u00a0en<em>\u00a0X:<\/em>\u00a0\u201cLa vieja pol\u00edtica busca generar incertidumbre para boicotear el programa de gobierno. Al hacerlo castigan a los argentinos: no lo vamos a permitir. Por eso, y con el objetivo de<strong>\u00a0generar mayor oferta de d\u00f3lares<\/strong>\u00a0durante este per\u00edodo, hasta el 31 de octubre habr\u00e1\u00a0<strong>retenciones cero<\/strong>\u00a0para todos los granos. Fin\u201d.<\/p>\n\n\n\n<p>El jefe de bloque de Encuentro Federal en Diputados,&nbsp;<strong>Miguel \u00c1ngel Pichetto,<\/strong>&nbsp;tambi\u00e9n le hizo duras cr\u00edticas a la medida: \u201cEs oportunismo electoral.&nbsp;<strong>Despu\u00e9s de las elecciones<\/strong>&nbsp;legislativas nacionales del 26 de octubre&nbsp;<strong>volver\u00e1n&nbsp;<\/strong>a las retenciones que las aumentaron, las redujeron y las volvieron a aumentar, y la Sociedad Rural Argentina (SRA) se conforma\u201d.<\/p>\n\n\n\n<p>El diputado adem\u00e1s le hizo fuertes cuestionamientos al ministro de Econom\u00eda,&nbsp;<strong>Luis Caputo,<\/strong>&nbsp;en declaraciones a&nbsp;<em>Radio Rivadavia:&nbsp;<\/em>\u201cAc\u00e1 hubo una mala gesti\u00f3n, una mala praxis econ\u00f3mica, y nos estamos&nbsp;<strong>quedando sin reservas,&nbsp;<\/strong>adem\u00e1s de expresiones desatinadas del ministro de Econom\u00eda\u201d.<\/p>\n\n\n\n<p>Pichetto critic\u00f3 las declaraciones del ministro de Econom\u00eda:\u00a0<strong>\u201c\u2018Vamos a vender hasta el \u00faltimo d\u00f3lar\u00a0<\/strong>en el techo de la banda\u2018. \u00bfQu\u00e9 significa eso?\u00a0<strong>\u00bfQue nos quedamos sin reservas?\u201d.<\/strong>\u00a0El legislador advirti\u00f3 adem\u00e1s: \u201cTal vez no tendr\u00edan que haber<strong>\u00a0levantado tan r\u00e1pidamente<\/strong>\u00a0el cepo cambiario\u201d.<\/p>\n\n\n\n<p>Mientras que el jefe de bloque de Uni\u00f3n por la Patria en Diputados,<strong>\u00a0Germ\u00e1n Mart\u00ednez,<\/strong>\u00a0cuestion\u00f3 en su cuenta de X: \u201cJavier Milei y Luis Caputo pretenden<strong>\u00a0no aplicar<\/strong>\u00a0la\u00a0<strong>Ley de Emergencia en Discapacidad.<\/strong>\u00a0Para eso no hay plata. Pero hasta el 31 de octubre<strong>\u00a0bajan a cero<\/strong>\u00a0los derechos de exportaci\u00f3n. Para eso\u00a0<strong>s\u00ed hay recursos.\u00a0<\/strong>Ya no se puede disimular. El programa econ\u00f3mico\u00a0<strong>hace agua<\/strong>\u00a0por todos lados&#8221;.<\/p>\n\n\n\n<p>Mientras que su par de Democracia para siempre, Pablo Juliano, critic\u00f3 en su cuenta de&nbsp;<em>X,<\/em>&nbsp;con menci\u00f3n al mensaje de Adorni:&nbsp;<em>&#8220;<\/em>Nos podr\u00e1 decir&nbsp;<strong>qu\u00e9 costo fiscal&nbsp;<\/strong>tendr\u00e1 esta medida, digo para que despu\u00e9s no andemos con acusaciones innecesarias del estilo: \u2018degenerados fiscales\u2019. Qu\u00e9 pena que fijan la medida hasta el 31 de octubre,<strong>&nbsp;apenas 5 d\u00edas&nbsp;<\/strong>despu\u00e9s de las elecciones.&nbsp;<strong>Las suben, las bajan, las sacan.&nbsp;<\/strong>Por suerte son previsibles&#8221;.<\/p>\n\n\n\n<p>El jefe de bloque de la Coalici\u00f3n C\u00edvica en Diputados, Juan Manuel L\u00f3pez, cuestion\u00f3 en su cuenta de&nbsp;<em>X: &#8220;<\/em>Cuando se necesitan d\u00f3lares, el campo siempre est\u00e1. Vieron que es bueno,&nbsp;<strong>sirve y se pueden bajar retenciones.<\/strong>&nbsp;Qu\u00e9 pena que este a\u00f1o&nbsp;<strong>\u2018se olvidaron\u2019 de comprar reservas<\/strong>&nbsp;cuando el campo liquid\u00f3 fuerte. El d\u00f3lar nunca iba a llegar a $700 mandriles&#8221;.<\/p>\n\n\n\n<p><\/p>\n","protected":false},"excerpt":{"rendered":"<p>El ministro de gobierno provincial Carlos Bianco cuestion\u00f3 la medida de la Casa Rosada que busca impulsar la oferta de d\u00f3lares. Regir\u00e1 hasta el 31 de octubre. Duras cr\u00edticas del&hellip; <\/p>\n","protected":false},"author":8,"featured_media":228043,"comment_status":"closed","ping_status":"open","sticky":false,"template":"","format":"standard","meta":{"footnotes":""},"categories":[3],"tags":[],"class_list":["post-228042","post","type-post","status-publish","format-standard","has-post-thumbnail","hentry","category-politica"],"_links":{"self":[{"href":"https:\/\/corrientesdetarde.com\/index.php\/wp-json\/wp\/v2\/posts\/228042","targetHints":{"allow":["GET"]}}],"collection":[{"href":"https:\/\/corrientesdetarde.com\/index.php\/wp-json\/wp\/v2\/posts"}],"about":[{"href":"https:\/\/corrientesdetarde.com\/index.php\/wp-json\/wp\/v2\/types\/post"}],"author":[{"embeddable":true,"href":"https:\/\/corrientesdetarde.com\/index.php\/wp-json\/wp\/v2\/users\/8"}],"replies":[{"embeddable":true,"href":"https:\/\/corrientesdetarde.com\/index.php\/wp-json\/wp\/v2\/comments?post=228042"}],"version-history":[{"count":1,"href":"https:\/\/corrientesdetarde.com\/index.php\/wp-json\/wp\/v2\/posts\/228042\/revisions"}],"predecessor-version":[{"id":228044,"href":"https:\/\/corrientesdetarde.com\/index.php\/wp-json\/wp\/v2\/posts\/228042\/revisions\/228044"}],"wp:featuredmedia":[{"embeddable":true,"href":"https:\/\/corrientesdetarde.com\/index.php\/wp-json\/wp\/v2\/media\/228043"}],"wp:attachment":[{"href":"https:\/\/corrientesdetarde.com\/index.php\/wp-json\/wp\/v2\/media?parent=228042"}],"wp:term":[{"taxonomy":"category","embeddable":true,"href":"https:\/\/corrientesdetarde.com\/index.php\/wp-json\/wp\/v2\/categories?post=228042"},{"taxonomy":"post_tag","embeddable":true,"href":"https:\/\/corrientesdetarde.com\/index.php\/wp-json\/wp\/v2\/tags?post=228042"}],"curies":[{"name":"wp","href":"https:\/\/api.w.org\/{rel}","templated":true}]}}