{"id":228204,"date":"2025-09-23T08:36:55","date_gmt":"2025-09-23T11:36:55","guid":{"rendered":"https:\/\/corrientesdetarde.com\/?p=228204"},"modified":"2025-09-23T08:37:02","modified_gmt":"2025-09-23T11:37:02","slug":"corrientes-celebra-hoy-el-dia-del-comparsero","status":"publish","type":"post","link":"https:\/\/corrientesdetarde.com\/index.php\/informacion-general\/corrientes-celebra-hoy-el-dia-del-comparsero\/","title":{"rendered":"Corrientes celebra hoy el D\u00eda del Comparsero"},"content":{"rendered":"\n<p>Si bien la fecha ya est\u00e1 establecida, m\u00e1s por imposici\u00f3n y costumbre que por convencimiento, por d\u00e9cimo a\u00f1o consecutivo se celebra hoy el D\u00eda del Comparsero, que coincide con la historia m\u00e1s tr\u00e1gica del carnaval, conocido como el accidente de &#8220;Las Flores&#8221; (ver cuadro aparte). La conmemoraci\u00f3n fue promulgada el 25 de septiembre de 2014 y celebrada por primera vez al a\u00f1o siguiente.<\/p>\n\n\n\n<p><\/p>\n\n\n\n<p>Una fugaz pol\u00e9mica gir\u00f3 en torno al motivo que establece esta ley como motivo de fiesta y alegr\u00eda para que los comparseros tengan una jornada de celebraci\u00f3n. En esa \u00e9poca, varios comparseros de la &#8220;vieja guardia&#8221; coincid\u00edan en que esta celebraci\u00f3n no deber\u00eda coincidir con el recuerdo de la tragedia protagonizada por Ar\u00e1 Ber\u00e1. &#8220;Fue un hecho doloroso y triste que sucedi\u00f3 solo a una comparsa&#8221;, expresaba all\u00e1 por 2014, Miguel Maccarini, uno de los sobrevivientes del accidente.<\/p>\n\n\n\n<p>En este contexto, mucho coincid\u00edan, y hubiera sido m\u00e1s l\u00f3gico, que el D\u00eda del Comparsero coincidiera con alg\u00fan hecho fortuito y que incluyera la representaci\u00f3n de m\u00e1s comparsas, como por ejemplo la hist\u00f3rica participaci\u00f3n de Corrientes, al Carnaval Internacional de Niza (Francia) en febrero de 1989. En aquella oportunidad, no solo Corrientes se trajo el primer premio (el \u00fanico internacional) como el mejor Carnaval del Mundo, sino que adem\u00e1s salieron por el canaEurovisi\u00f3n ante una multitudinaria audiencia en aquellos a\u00f1os (200 millones de personas).<\/p>\n\n\n\n<figure class=\"wp-block-image size-full\"><img loading=\"lazy\" decoding=\"async\" width=\"1020\" height=\"680\" src=\"https:\/\/corrientesdetarde.com\/wp-content\/uploads\/2025\/09\/image-749.png\" alt=\"\" class=\"wp-image-228213\" srcset=\"https:\/\/corrientesdetarde.com\/wp-content\/uploads\/2025\/09\/image-749.png 1020w, https:\/\/corrientesdetarde.com\/wp-content\/uploads\/2025\/09\/image-749-300x200.png 300w, https:\/\/corrientesdetarde.com\/wp-content\/uploads\/2025\/09\/image-749-768x512.png 768w\" sizes=\"auto, (max-width: 1020px) 100vw, 1020px\" \/><\/figure>\n\n\n\n<p>Corrientes particip\u00f3 por segunda vez con una nueva delegaci\u00f3n integrada por comparseros de Capital y del Interior, donde adem\u00e1s de una brillante presentaci\u00f3n en Niza, la soberana de Bella Vista, Mariana Beltr\u00e1n, fuera elegida Reina de Reinas de los Carnavales del Mundo. Pero la fecha ya est\u00e1 instituida y comparseros de todo el pa\u00eds celebran hoy su d\u00eda sin saber siquiera porqu\u00e9 se estableci\u00f3 esta fecha.<\/p>\n\n\n\n<p>El autor de la normativa, el exdiputado provincial y dirigente de Sapucay, Ra\u00fal Alfonso, destac\u00f3 que esta conmemoraci\u00f3n refuerza el sentido de pertenencia a esta fiesta y pone luz a la memoria de los que ya no est\u00e1n. &#8220;Esta ley fue un antes y un despu\u00e9s en relaci\u00f3n a la identidad y al sentido de pertenencia de los amantes de la fiesta&#8221;, explic\u00f3 el exlegislador. Adem\u00e1s agreg\u00f3 que la normativa custodia &#8220;una memoria activa, de recordar siempre a esos ocho comparseros que injustamente o por designios de Dios perdieron su vida llevando nuestro arte por el pa\u00eds; porque la gente no recuerda, ni muchos lo sab\u00edan&#8221;. Por \u00faltimo, Alfonso expres\u00f3 que esta jornada &#8220;va m\u00e1s all\u00e1 de celebrar o conmemorar un d\u00eda de los comparseros, es sobre todo poner en valor nuestro arte correntino&#8221;.<\/p>\n\n\n\n<p>El 23 de septiembre de 1978, en la localidad bonaerense de Las Flores el colectivo que trasladaba a Ar\u00e1 Ber\u00e1 sufri\u00f3 un grave accidente de tr\u00e1nsito que se llev\u00f3 la vida de ocho personas dejando varios heridos. La tristeza se sinti\u00f3 fuertemente en las calles de Corrientes, lo que se vio reflejado con multitudinarias misas y sepelios.<\/p>\n\n\n\n<p>All\u00e1 por entonces, Ar\u00e1 Ber\u00e1 y Copacabana presentaron el jueves 21 por las calles de la ciudad de Bariloche uno de los espect\u00e1culos de promoci\u00f3n m\u00e1s importantes del carnaval que cerr\u00f3 con un show en el Hotel Sol. Entusiasmaron al numeroso p\u00fablico y dejaron un recuerdo imborrable a los presentes. Luego de esa presentaci\u00f3n se trasladaron en avi\u00f3n hacia la ciudad de Buenos Aires, donde los esperaba un colectivo para ir hasta la ciudad de Olavarr\u00eda, ya que ir\u00edan a una fiesta organizada por la Sociedad Rural. Eran las 6 de la ma\u00f1ana y el micro estaba a seis kil\u00f3metros de la localidad de Las Flores, en ese momento, el chofer se qued\u00f3 dormido y el rodado choc\u00f3 contra un cami\u00f3n tanque de combustible.<\/p>\n\n\n\n<p>Fallecieron Edith &#8220;Chonga&#8221; Gervasoni De la Vega, Nora Ferrero Dansey, Gilda Arce, Betty Brites, Grisel Moreno, Pedro &#8220;Gato&#8221; Sosa, Omar &#8220;Lobito&#8221; Ga\u00fana y Enrique Franco. Fue la burla m\u00e1s siniestra de &#8220;Momo&#8221;.<\/p>\n","protected":false},"excerpt":{"rendered":"<p>Si bien la fecha ya est\u00e1 establecida, m\u00e1s por imposici\u00f3n y costumbre que por convencimiento, por d\u00e9cimo a\u00f1o consecutivo se celebra hoy el D\u00eda del Comparsero, que coincide con la&hellip; <\/p>\n","protected":false},"author":1,"featured_media":228212,"comment_status":"closed","ping_status":"open","sticky":false,"template":"","format":"standard","meta":{"footnotes":""},"categories":[1],"tags":[],"class_list":["post-228204","post","type-post","status-publish","format-standard","has-post-thumbnail","hentry","category-informacion-general"],"_links":{"self":[{"href":"https:\/\/corrientesdetarde.com\/index.php\/wp-json\/wp\/v2\/posts\/228204","targetHints":{"allow":["GET"]}}],"collection":[{"href":"https:\/\/corrientesdetarde.com\/index.php\/wp-json\/wp\/v2\/posts"}],"about":[{"href":"https:\/\/corrientesdetarde.com\/index.php\/wp-json\/wp\/v2\/types\/post"}],"author":[{"embeddable":true,"href":"https:\/\/corrientesdetarde.com\/index.php\/wp-json\/wp\/v2\/users\/1"}],"replies":[{"embeddable":true,"href":"https:\/\/corrientesdetarde.com\/index.php\/wp-json\/wp\/v2\/comments?post=228204"}],"version-history":[{"count":1,"href":"https:\/\/corrientesdetarde.com\/index.php\/wp-json\/wp\/v2\/posts\/228204\/revisions"}],"predecessor-version":[{"id":228214,"href":"https:\/\/corrientesdetarde.com\/index.php\/wp-json\/wp\/v2\/posts\/228204\/revisions\/228214"}],"wp:featuredmedia":[{"embeddable":true,"href":"https:\/\/corrientesdetarde.com\/index.php\/wp-json\/wp\/v2\/media\/228212"}],"wp:attachment":[{"href":"https:\/\/corrientesdetarde.com\/index.php\/wp-json\/wp\/v2\/media?parent=228204"}],"wp:term":[{"taxonomy":"category","embeddable":true,"href":"https:\/\/corrientesdetarde.com\/index.php\/wp-json\/wp\/v2\/categories?post=228204"},{"taxonomy":"post_tag","embeddable":true,"href":"https:\/\/corrientesdetarde.com\/index.php\/wp-json\/wp\/v2\/tags?post=228204"}],"curies":[{"name":"wp","href":"https:\/\/api.w.org\/{rel}","templated":true}]}}