{"id":228210,"date":"2025-09-23T09:12:49","date_gmt":"2025-09-23T12:12:49","guid":{"rendered":"https:\/\/corrientesdetarde.com\/?p=228210"},"modified":"2025-09-23T09:13:04","modified_gmt":"2025-09-23T12:13:04","slug":"docente-de-la-unne-llevo-el-debate-sobre-resistencia-antimicrobiana-a-congreso-en-la-patagonia","status":"publish","type":"post","link":"https:\/\/corrientesdetarde.com\/index.php\/informacion-general\/docente-de-la-unne-llevo-el-debate-sobre-resistencia-antimicrobiana-a-congreso-en-la-patagonia\/","title":{"rendered":"Docente de la UNNE llev\u00f3 el debate sobre Resistencia Antimicrobiana a congreso en la Patagonia"},"content":{"rendered":"\n<p><em>En el marco del I Congreso &#8220;Una Salud&#8221;, la investigadora de la Facultad de Ciencias Veterinarias de la UNNE, Valeria Amable, expuso sobre los desaf\u00edos globales de la resistencia antimicrobiana y comparti\u00f3 experiencias educativas innovadoras que van desde la gamificaci\u00f3n hasta proyectos de extensi\u00f3n en escuelas rurales y urbanas.<\/em><\/p>\n\n\n\n<p>En el marco del I Congreso Patag\u00f3nico \u201cUna Salud\u201d, llevado a cabo en la Universidad Nacional de R\u00edo Negro (UNRN), la docente investigadora de la Facultad de Ciencias Veterinarias UNNE, doctora Valeria Amable particip\u00f3 de la Mesa Redonda:\u00a0<strong>Una Salud y Medicina de la Conservaci\u00f3n<\/strong>.<\/p>\n\n\n\n<figure class=\"wp-block-image size-full\"><img loading=\"lazy\" decoding=\"async\" width=\"719\" height=\"542\" src=\"https:\/\/corrientesdetarde.com\/wp-content\/uploads\/2025\/09\/image-752.png\" alt=\"\" class=\"wp-image-228218\" srcset=\"https:\/\/corrientesdetarde.com\/wp-content\/uploads\/2025\/09\/image-752.png 719w, https:\/\/corrientesdetarde.com\/wp-content\/uploads\/2025\/09\/image-752-300x226.png 300w\" sizes=\"auto, (max-width: 719px) 100vw, 719px\" \/><\/figure>\n\n\n\n<p>Fue un espacio donde confluyeron distintas voces acad\u00e9micas para pensar los desaf\u00edos actuales en la interfaz entre salud humana, animal y ambiental.&nbsp;El concepto de &#8220;Una Salud&#8221; (One Health)&nbsp;es un enfoque colaborativo y multidisciplinario que reconoce la interdependencia entre la salud humana, la salud animal y la salud ambiental.&nbsp;<\/p>\n\n\n\n<p>Promueve la colaboraci\u00f3n entre diferentes sectores y disciplinas para abordar de manera integral y coordinada los desaf\u00edos sanitarios, como las enfermedades infecciosas emergentes, la resistencia a los antibi\u00f3ticos y la seguridad alimentaria.&nbsp;<\/p>\n\n\n\n<p>Con la&nbsp;moderaci\u00f3n del m\u00e9dico veterinario Jorge Cuatr\u00edn,&nbsp;participaron adem\u00e1s de la mesa redonda, la doctora Marina Winter (UNRN) qui\u00e9n abri\u00f3 la ronda de ponencias, compartiendo la experiencia de diez a\u00f1os de vigilancia sanitaria en fauna silvestre del noreste de la Patagonia, un trabajo sostenido que demuestra el valor de observar a largo plazo los ecosistemas. Continu\u00f3 el doctor Pablo Plaza (CONICET\u2013UNComahue\u2013INIBIOMA) profundiz\u00f3 en la vigilancia epidemiol\u00f3gica en aves silvestres, resaltando c\u00f3mo estas especies funcionan como centinelas de problemas que impactan directamente en las personas y en la producci\u00f3n animal.<\/p>\n\n\n\n<p>&#8220;La resistencia a los antimicrobianos (RAM) no es un problema del futuro, sino del presente&#8221;, enfatiz\u00f3 Amable durante su ponencia titulada &#8220;Resistencia a antimicrobianos: un desaf\u00edo global desde la perspectiva de Una Salud&#8221;. La docente de la UNNE explic\u00f3 que la RAM surge cuando bacterias, hongos, par\u00e1sitos o virus desarrollan mecanismos para evadir los efectos de los medicamentos destinados a combatirlos.<\/p>\n\n\n\n<p>&#8220;Hablamos de un fen\u00f3meno que en muchos casos se gesta de manera silenciosa, en hospitales, en granjas, en la comunidad y hasta en el ambiente&#8221;, alert\u00f3, subrayando la naturaleza ubicua de esta amenaza sanitaria.<\/p>\n\n\n\n<p>En su exposici\u00f3n, Amable destac\u00f3 el rol pionero que Argentina asumi\u00f3 en Latinoam\u00e9rica al legislar e implementar pol\u00edticas concretas frente a esta problem\u00e1tica. La investigadora hizo especial menci\u00f3n al Plan Nacional de Acci\u00f3n contra la RAM (PNA-RAM), una iniciativa que promueve la vigilancia integrada y la capacitaci\u00f3n en todo el territorio nacional.<\/p>\n\n\n\n<p>&#8220;A nivel provincial existen comit\u00e9s que buscan bajar estas estrategias al territorio, algo en lo que personalmente participo con mucho compromiso&#8221;, revel\u00f3 la acad\u00e9mica, mostrando su involucramiento directo en la implementaci\u00f3n de pol\u00edticas p\u00fablicas de salud.<\/p>\n\n\n\n<p>Amable destac\u00f3 el rol de las instituciones educativas en la lucha contra la resistencia antimicrobiana. &#8220;La investigaci\u00f3n no alcanza si no la vinculamos con la sociedad. La universidad tiene un rol enorme en la formaci\u00f3n de profesionales y en la sensibilizaci\u00f3n de la comunidad&#8221;, afirm\u00f3.<\/p>\n\n\n\n<p>La investigadora comparti\u00f3 entonces las experiencias innovadoras que viene desarrollando desde su c\u00e1tedra: desde estrategias de gamificaci\u00f3n mediante juegos de mesa did\u00e1cticos que ayudan a los estudiantes de microbiolog\u00eda a comprender los complejos mecanismos de resistencia, hasta proyectos de extensi\u00f3n como &#8220;Antibi\u00f3ticos bajo la lupa: j\u00f3venes por un futuro sin Resistencia&#8221;, que llevan el debate a escuelas rurales y urbanas.<\/p>\n\n\n\n<p>&#8220;La RAM no se resuelve solo en laboratorios ni en quir\u00f3fanos: tambi\u00e9n se combate en las aulas y en los espacios de educaci\u00f3n comunitaria&#8221;, sentenci\u00f3 Amable, arrancando aplausos espont\u00e1neos del auditorio.<\/p>\n\n\n\n<p>Los tres disertantes llegaron a una conclusi\u00f3n un\u00e1nime: &#8220;No hay Una Salud sin una sola mesa de trabajo, amplia e inclusiva, donde todos los actores est\u00e9n presentes&#8221;. Esta declaraci\u00f3n reson\u00f3 como un llamado a la acci\u00f3n para la comunidad cient\u00edfica presente.<\/p>\n\n\n\n<p>Los panelistas coincidieron en que los desaf\u00edos de Una Salud solo pueden afrontarse si la sociedad sostiene la inversi\u00f3n en salud, cultura y educaci\u00f3n gratuita, pilares fundamentales que garantizan equidad y permiten formar profesionales comprometidos.<\/p>\n\n\n\n<p>La doctora Amable cerr\u00f3 su participaci\u00f3n con una reflexi\u00f3n que resumi\u00f3 el esp\u00edritu de toda la jornada: &#8220;Nuestra responsabilidad es compartir conocimiento, vigilar con compromiso y actuar con prudencia para garantizar la salud de las pr\u00f3ximas generaciones&#8221;.<\/p>\n","protected":false},"excerpt":{"rendered":"<p>En el marco del I Congreso &#8220;Una Salud&#8221;, la investigadora de la Facultad de Ciencias Veterinarias de la UNNE, Valeria Amable, expuso sobre los desaf\u00edos globales de la resistencia antimicrobiana&hellip; <\/p>\n","protected":false},"author":1,"featured_media":228217,"comment_status":"closed","ping_status":"open","sticky":false,"template":"","format":"standard","meta":{"footnotes":""},"categories":[1],"tags":[],"class_list":["post-228210","post","type-post","status-publish","format-standard","has-post-thumbnail","hentry","category-informacion-general"],"_links":{"self":[{"href":"https:\/\/corrientesdetarde.com\/index.php\/wp-json\/wp\/v2\/posts\/228210","targetHints":{"allow":["GET"]}}],"collection":[{"href":"https:\/\/corrientesdetarde.com\/index.php\/wp-json\/wp\/v2\/posts"}],"about":[{"href":"https:\/\/corrientesdetarde.com\/index.php\/wp-json\/wp\/v2\/types\/post"}],"author":[{"embeddable":true,"href":"https:\/\/corrientesdetarde.com\/index.php\/wp-json\/wp\/v2\/users\/1"}],"replies":[{"embeddable":true,"href":"https:\/\/corrientesdetarde.com\/index.php\/wp-json\/wp\/v2\/comments?post=228210"}],"version-history":[{"count":1,"href":"https:\/\/corrientesdetarde.com\/index.php\/wp-json\/wp\/v2\/posts\/228210\/revisions"}],"predecessor-version":[{"id":228219,"href":"https:\/\/corrientesdetarde.com\/index.php\/wp-json\/wp\/v2\/posts\/228210\/revisions\/228219"}],"wp:featuredmedia":[{"embeddable":true,"href":"https:\/\/corrientesdetarde.com\/index.php\/wp-json\/wp\/v2\/media\/228217"}],"wp:attachment":[{"href":"https:\/\/corrientesdetarde.com\/index.php\/wp-json\/wp\/v2\/media?parent=228210"}],"wp:term":[{"taxonomy":"category","embeddable":true,"href":"https:\/\/corrientesdetarde.com\/index.php\/wp-json\/wp\/v2\/categories?post=228210"},{"taxonomy":"post_tag","embeddable":true,"href":"https:\/\/corrientesdetarde.com\/index.php\/wp-json\/wp\/v2\/tags?post=228210"}],"curies":[{"name":"wp","href":"https:\/\/api.w.org\/{rel}","templated":true}]}}