{"id":228223,"date":"2025-09-23T10:04:34","date_gmt":"2025-09-23T13:04:34","guid":{"rendered":"https:\/\/corrientesdetarde.com\/?p=228223"},"modified":"2025-09-23T10:04:36","modified_gmt":"2025-09-23T13:04:36","slug":"un-camion-quedo-varado-en-el-puente-y-ocasiona-demoras","status":"publish","type":"post","link":"https:\/\/corrientesdetarde.com\/index.php\/destacados\/un-camion-quedo-varado-en-el-puente-y-ocasiona-demoras\/","title":{"rendered":"Un cami\u00f3n qued\u00f3 varado en el puente y ocasiona demoras"},"content":{"rendered":"\n<p>Nuevamente el puente interprovincial Chaco-Corrientes es protagonista de tr\u00e1nsito complicado por un cami\u00f3n que sufri\u00f3 desperfectos mec\u00e1nicos y qued\u00f3 varado dirigi\u00e9ndose hacia la capital correntina.\u00a0\u00a0<\/p>\n\n\n\n<figure class=\"wp-block-image size-large\"><img loading=\"lazy\" decoding=\"async\" width=\"1024\" height=\"497\" src=\"https:\/\/corrientesdetarde.com\/wp-content\/uploads\/2025\/09\/image-753-1024x497.png\" alt=\"\" class=\"wp-image-228229\" srcset=\"https:\/\/corrientesdetarde.com\/wp-content\/uploads\/2025\/09\/image-753-1024x497.png 1024w, https:\/\/corrientesdetarde.com\/wp-content\/uploads\/2025\/09\/image-753-300x145.png 300w, https:\/\/corrientesdetarde.com\/wp-content\/uploads\/2025\/09\/image-753-768x372.png 768w, https:\/\/corrientesdetarde.com\/wp-content\/uploads\/2025\/09\/image-753-1536x745.png 1536w, https:\/\/corrientesdetarde.com\/wp-content\/uploads\/2025\/09\/image-753.png 1899w\" sizes=\"auto, (max-width: 1024px) 100vw, 1024px\" \/><\/figure>\n","protected":false},"excerpt":{"rendered":"<p>Nuevamente el puente interprovincial Chaco-Corrientes es protagonista de tr\u00e1nsito complicado por un cami\u00f3n que sufri\u00f3 desperfectos mec\u00e1nicos y qued\u00f3 varado dirigi\u00e9ndose hacia la capital correntina.\u00a0\u00a0<\/p>\n","protected":false},"author":1,"featured_media":228231,"comment_status":"closed","ping_status":"open","sticky":false,"template":"","format":"standard","meta":{"footnotes":""},"categories":[26],"tags":[],"class_list":["post-228223","post","type-post","status-publish","format-standard","has-post-thumbnail","hentry","category-destacados"],"_links":{"self":[{"href":"https:\/\/corrientesdetarde.com\/index.php\/wp-json\/wp\/v2\/posts\/228223","targetHints":{"allow":["GET"]}}],"collection":[{"href":"https:\/\/corrientesdetarde.com\/index.php\/wp-json\/wp\/v2\/posts"}],"about":[{"href":"https:\/\/corrientesdetarde.com\/index.php\/wp-json\/wp\/v2\/types\/post"}],"author":[{"embeddable":true,"href":"https:\/\/corrientesdetarde.com\/index.php\/wp-json\/wp\/v2\/users\/1"}],"replies":[{"embeddable":true,"href":"https:\/\/corrientesdetarde.com\/index.php\/wp-json\/wp\/v2\/comments?post=228223"}],"version-history":[{"count":1,"href":"https:\/\/corrientesdetarde.com\/index.php\/wp-json\/wp\/v2\/posts\/228223\/revisions"}],"predecessor-version":[{"id":228232,"href":"https:\/\/corrientesdetarde.com\/index.php\/wp-json\/wp\/v2\/posts\/228223\/revisions\/228232"}],"wp:featuredmedia":[{"embeddable":true,"href":"https:\/\/corrientesdetarde.com\/index.php\/wp-json\/wp\/v2\/media\/228231"}],"wp:attachment":[{"href":"https:\/\/corrientesdetarde.com\/index.php\/wp-json\/wp\/v2\/media?parent=228223"}],"wp:term":[{"taxonomy":"category","embeddable":true,"href":"https:\/\/corrientesdetarde.com\/index.php\/wp-json\/wp\/v2\/categories?post=228223"},{"taxonomy":"post_tag","embeddable":true,"href":"https:\/\/corrientesdetarde.com\/index.php\/wp-json\/wp\/v2\/tags?post=228223"}],"curies":[{"name":"wp","href":"https:\/\/api.w.org\/{rel}","templated":true}]}}