{"id":228337,"date":"2025-09-23T15:12:41","date_gmt":"2025-09-23T18:12:41","guid":{"rendered":"https:\/\/corrientesdetarde.com\/?p=228337"},"modified":"2025-09-23T15:12:53","modified_gmt":"2025-09-23T18:12:53","slug":"lamine-yamal-se-quedo-sin-el-balon-de-oro-pero-se-lucio-con-su-esmoquin-dolce-gabbana","status":"publish","type":"post","link":"https:\/\/corrientesdetarde.com\/index.php\/tendencias\/lamine-yamal-se-quedo-sin-el-balon-de-oro-pero-se-lucio-con-su-esmoquin-dolce-gabbana\/","title":{"rendered":"Lamine Yamal se qued\u00f3 sin el Bal\u00f3n de oro, pero se luci\u00f3 con su esmoquin Dolce &#038; Gabbana"},"content":{"rendered":"\n<p>Asisti\u00f3 a la emblem\u00e1tica ceremonia de Par\u00eds con un traje de terciopelo negro.<\/p>\n\n\n\n<p>El exitoso futbolista espa\u00f1ol\u00a0<strong>Lamine Yamal<\/strong>\u00a0no solo acapara titulares por sus jugadas en el Barcelona, sino por su medi\u00e1tico romance con la argentina\u00a0<strong>Nicki Nicole<\/strong>, con quien ya ha publicado varias fotos en las redes sociales.<\/p>\n\n\n\n<p>Ahora, el centrocampista asisti\u00f3 a la ceremonia de entrega del&nbsp;<strong>Bal\u00f3n de Oro<\/strong>&nbsp;en el Teatro del Ch\u00e2telet de Par\u00eds y, aunque no se qued\u00f3 con el trofeo a mejor jugador del mundo (el franc\u00e9s&nbsp;<strong>Ousmane Demb\u00e9l\u00e9<\/strong>&nbsp;fue el ganador), su look sin dudas fuguen gran acierto.<\/p>\n\n\n\n<figure class=\"wp-block-image\"><img decoding=\"async\" src=\"https:\/\/tn.com.ar\/resizer\/v2\/lamine-yamal-por-dolce-gabbana-foto-efeepamohammed-badra-FLZZ3UY4K5EW3FWTTJDRABMDAQ.JPG?auth=575b18c4b2771683e7c6476b3717396e5f9ef2fe28563c2a75ea786f27641d04&amp;width=767\" alt=\"Lamine Yamal por Dolce &amp; Gabbana. (Foto: EFE\/EPA\/Mohammed Badra)\"\/><\/figure>\n\n\n\n<p>Lamine Yamal llev\u00f3 un<strong>\u00a0esmoquin de terciopelo negro\u00a0<\/strong>con borde de\u00a0<strong>sat\u00e9n<\/strong>\u00a0y\u00a0<strong>camisa de esmoquin de popelina<\/strong>,\u00a0<strong>mo\u00f1o<\/strong>\u00a0en el cuello y<strong>\u00a0zapatos derby de charol<\/strong>, todo firmado por la casa de lujo italiana <strong>Dolce &amp; Gabbana<\/strong>, que comparti\u00f3 en su perfil de Instagram un posteo de im\u00e1genes del espa\u00f1ol.<\/p>\n\n\n\n<figure class=\"wp-block-image\"><img decoding=\"async\" src=\"https:\/\/tn.com.ar\/resizer\/v2\/lamine-yamal-llevo-un-traje-de-dolce-gabbana-foto-efeepamohammed-badra-7NG5MZCCMNCBVF7X6W6BVMO6S4.JPG?auth=ff44a6f491528539c8312dce34d6fb668185cb827016bad871534ffb54ddfdca&amp;width=767\" alt=\"Lamine Yamal llev\u00f3 un traje de Dolce &amp; Gabbana. (Foto: EFE\/EPA\/Mohammed Badra)\"\/><\/figure>\n\n\n\n<p><strong>\u201cLamine Yamal eligi\u00f3 vestir #DolceGabbana al recibir el Trofeo Kopa al mejor jugador sub-21<\/strong>&nbsp;durante la ceremonia de entrega de premios Bal\u00f3n de Oro 2025\u2033, escribieron desde las redes de la marca sobre el jugador, que no se fue de la ceremonia con las manos vac\u00edas.<\/p>\n\n\n\n<figure class=\"wp-block-image\"><img decoding=\"async\" src=\"https:\/\/tn.com.ar\/resizer\/v2\/lamine-yamal-recibio-el-trofeo-kopa-vestido-por-dolce-gabbana-foto-reutersbenoit-tessier-6GR2XJIZWFHYBCYJJIPKDFLY6I.JPG?auth=e1855bcaf578e664aabcea23497036b0abfe8296fe0482c51537b3401a2c3ca8&amp;width=767\" alt=\"Lamine Yamal recibi\u00f3 el Trofeo Kopa vestido por Dolce &amp; Gabbana. (Foto: REUTERS\/Benoit Tessier)\"\/><\/figure>\n\n\n\n<h2 class=\"wp-block-heading\">El secreto de belleza de Lamine Yamil<\/h2>\n\n\n\n<p>Algunos d\u00edas atr\u00e1s,Nicki Nicole subi\u00f3 una<strong>&nbsp;historia<\/strong>&nbsp;a superfilde Instagram junto a su enamorado que llam\u00f3 la atenci\u00f3n,&nbsp;<strong>ya que dej\u00f3 en evidencia el secreto de belleza del futbolista.<\/strong><\/p>\n\n\n\n<p>El deportista apareci\u00f3 usando los<strong>&nbsp;famosos parches antiacn\u00e9,&nbsp;<\/strong>el mismo secreto beauty que ya hab\u00edan popularizado figuras reconocidas internacionalmente como&nbsp;<strong>Justin Bieber, su esposa Hailey y hasta Anne Hathaway.<\/strong><\/p>\n\n\n\n<figure class=\"wp-block-image\"><img decoding=\"async\" src=\"https:\/\/tn.com.ar\/resizer\/v2\/nicki-nicole-se-mostro-con-lamine-yamal-que-usa-parches-antiacne-en-forma-de-estrellitas-foto-instagramnickinicole-ZOJR7X7B7JHOXBSTKFIQXPP76Q.jpg?auth=fd3cd5cf988f83d563e9943ab378f4f20c63fb11227ef6f59f9cc1b07cccddc3&amp;width=767\" alt=\"Nicki Nicole se mostr\u00f3 con Lamine Yamal, que usa parches antiacn\u00e9 en forma de estrellitas. (Foto: Instagram\/@nicki.nicole)\"\/><\/figure>\n\n\n\n<p>Se trata de peque\u00f1as<strong>&nbsp;l\u00e1minas dise\u00f1adas para cubrir y tratar granitos puntuales<\/strong>&nbsp;en el rostro y que funcionan como una&nbsp;<strong>barrera protectora&nbsp;<\/strong>que mantiene la humedad de la zona y favorece la cicatrizaci\u00f3n. El joven apost\u00f3 a la versi\u00f3n oscura y en<strong>&nbsp;forma de estrella de este producto<\/strong>, aunque otras veces se puso los transparentes.<\/p>\n\n\n\n<p>Adem\u00e1s de su efectividad, se convirtieron en un verdadero fen\u00f3meno cultural: pasaron de ser un producto farmac\u00e9utico a convertirse en un<em><strong>must<\/strong><\/em><strong>&nbsp;del cuidado facial<\/strong>, cada vez m\u00e1s presente en las rutinas beauty.<\/p>\n\n\n\n<p>En la Argentina su uso va en ascenso de la mano de una marca vegana y cruelty free (Veganis), que los convirti\u00f3 en tendencia y en una opci\u00f3n alineada con la belleza consciente.<\/p>\n","protected":false},"excerpt":{"rendered":"<p>Asisti\u00f3 a la emblem\u00e1tica ceremonia de Par\u00eds con un traje de terciopelo negro. El exitoso futbolista espa\u00f1ol\u00a0Lamine Yamal\u00a0no solo acapara titulares por sus jugadas en el Barcelona, sino por su&hellip; <\/p>\n","protected":false},"author":8,"featured_media":228338,"comment_status":"closed","ping_status":"open","sticky":false,"template":"","format":"standard","meta":{"footnotes":""},"categories":[28],"tags":[],"class_list":["post-228337","post","type-post","status-publish","format-standard","has-post-thumbnail","hentry","category-tendencias"],"_links":{"self":[{"href":"https:\/\/corrientesdetarde.com\/index.php\/wp-json\/wp\/v2\/posts\/228337","targetHints":{"allow":["GET"]}}],"collection":[{"href":"https:\/\/corrientesdetarde.com\/index.php\/wp-json\/wp\/v2\/posts"}],"about":[{"href":"https:\/\/corrientesdetarde.com\/index.php\/wp-json\/wp\/v2\/types\/post"}],"author":[{"embeddable":true,"href":"https:\/\/corrientesdetarde.com\/index.php\/wp-json\/wp\/v2\/users\/8"}],"replies":[{"embeddable":true,"href":"https:\/\/corrientesdetarde.com\/index.php\/wp-json\/wp\/v2\/comments?post=228337"}],"version-history":[{"count":1,"href":"https:\/\/corrientesdetarde.com\/index.php\/wp-json\/wp\/v2\/posts\/228337\/revisions"}],"predecessor-version":[{"id":228339,"href":"https:\/\/corrientesdetarde.com\/index.php\/wp-json\/wp\/v2\/posts\/228337\/revisions\/228339"}],"wp:featuredmedia":[{"embeddable":true,"href":"https:\/\/corrientesdetarde.com\/index.php\/wp-json\/wp\/v2\/media\/228338"}],"wp:attachment":[{"href":"https:\/\/corrientesdetarde.com\/index.php\/wp-json\/wp\/v2\/media?parent=228337"}],"wp:term":[{"taxonomy":"category","embeddable":true,"href":"https:\/\/corrientesdetarde.com\/index.php\/wp-json\/wp\/v2\/categories?post=228337"},{"taxonomy":"post_tag","embeddable":true,"href":"https:\/\/corrientesdetarde.com\/index.php\/wp-json\/wp\/v2\/tags?post=228337"}],"curies":[{"name":"wp","href":"https:\/\/api.w.org\/{rel}","templated":true}]}}