{"id":228356,"date":"2025-09-23T15:59:02","date_gmt":"2025-09-23T18:59:02","guid":{"rendered":"https:\/\/corrientesdetarde.com\/?p=228356"},"modified":"2025-09-23T15:59:14","modified_gmt":"2025-09-23T18:59:14","slug":"daniela-celis-se-mostro-preocupada-por-el-nuevo-parte-medico-de-thiago-medina-pedimos-mas-que-nunca-fuerzas","status":"publish","type":"post","link":"https:\/\/corrientesdetarde.com\/index.php\/espectaculos\/daniela-celis-se-mostro-preocupada-por-el-nuevo-parte-medico-de-thiago-medina-pedimos-mas-que-nunca-fuerzas\/","title":{"rendered":"Daniela Celis se mostr\u00f3 preocupada por el nuevo parte m\u00e9dico de Thiago Medina: \u201cPedimos m\u00e1s que nunca fuerzas\u201d"},"content":{"rendered":"\n<p>La influencer comparti\u00f3 novedades sobre la salud de su expareja y dio a conocer c\u00f3mo est\u00e1n los pulmones del joven.<\/p>\n\n\n\n<p><strong>Daniela Celis<\/strong> comparti\u00f3 en sus redes sociales la<strong>\u00a0\u00faltima actualizaci\u00f3n sobre el estado de salud de Thiago Medina<\/strong>, quien contin\u00faa internado tras el accidente en moto que sufri\u00f3 d\u00edas atr\u00e1s. La influencer expres\u00f3 su angustia y pidi\u00f3 apoyo a sus seguidores en este dif\u00edcil momento.<\/p>\n\n\n\n<p>En una historia de Instagram, la ex&nbsp;<em>Gran Hermano<\/em>&nbsp;public\u00f3 detalles sobre la salud de su expareja: \u201cThiago hoy se encuentra<strong>&nbsp;cursando un episodio de injuria pulmonar bajo cobertura antibi\u00f3tica<\/strong>. Sigue sin requerimiento de droga para mantener la presi\u00f3n.&nbsp;<strong>Se resolvi\u00f3 la atelectasia con kinesio-terapia<\/strong>. El pron\u00f3stico es reservado\u201d.<\/p>\n\n\n\n<p>Acompa\u00f1ando el comunicado, Daniela transmiti\u00f3 un sentido mensaje.&nbsp;<strong>\u201cPedimos m\u00e1s que nunca fuerzas y seguir orando por \u00e9l\u201d<\/strong>, escribi\u00f3, dejando en claro la preocupaci\u00f3n de toda la familia mientras esperan una evoluci\u00f3n favorable en la recuperaci\u00f3n de Thiago.<\/p>\n\n\n\n<figure class=\"wp-block-image\"><img decoding=\"async\" src=\"https:\/\/tn.com.ar\/resizer\/v2\/daniela-celis-compartio-nueva-informacion-sobre-la-salud-de-thiago-medina-foto-instagram-danielacelis01-PYIXRQ27OFDZ7DGZ3XUGOHRUCM.JPG?auth=1331c882fa8d0ef0d5a6fef9236736924b06d71732857e171def6e132178dc76&amp;width=767\" alt=\"Daniela Celis comparti\u00f3 nueva informaci\u00f3n sobre la salud de Thiago Medina (Foto: Instagram \/ danielacelis01)\"\/><\/figure>\n\n\n\n<h2 class=\"wp-block-heading\">Qu\u00e9 es la atelectasia, la complicaci\u00f3n pulmonar que le hab\u00edan detectado a Thiago Medina<\/h2>\n\n\n\n<p>Seg\u00fan inform\u00f3 su expareja\u00a0<strong>Daniela Celis<\/strong>\u00a0este lunes, los m\u00e9dicos detectaron que padece\u00a0<strong>atelectasia<\/strong>, una complicaci\u00f3n pulmonar que, aunque est\u00e1 siendo tratada, requiere un seguimiento constante para evaluar su evoluci\u00f3n.<\/p>\n\n\n\n<p>\u201cEl d\u00eda de hoy&nbsp;<strong>Thiago contin\u00faa sin requerimientos de drogas para mantener su presi\u00f3n. Contin\u00faa con respirador, sedado, en terapia intensiva<\/strong>, sigue con antibi\u00f3ticos\u201d, escribi\u00f3 su expareja y mam\u00e1 de sus dos hijas en una historia de&nbsp;Instagram.<\/p>\n\n\n\n<figure class=\"wp-block-image\"><img decoding=\"async\" src=\"https:\/\/tn.com.ar\/resizer\/v2\/daniela-celis-compartio-el-nuevo-parte-medico-sobre-thiago-medina-foto-instagram-danielacelis01-VRQAY6OUCVBTZM57YXCQUSGFDI.png?auth=943097534eb0f2941a35fe974b542eeeb39c509e0a975e3d82574b4c58fab4cb&amp;width=767\" alt=\"Daniela Celis comparti\u00f3 el nuevo parte m\u00e9dico sobre Thiago Medina (Foto: Instagram \/danielacelis01)\"\/><\/figure>\n\n\n\n<p>Acto seguido, inform\u00f3: \u201cSe present\u00f3 un tap\u00f3n de moco, atelectacia que est\u00e1 siendo tratado con kinesiolog\u00eda\u201d.&nbsp;<strong>\u201cHoy el foco est\u00e1 en sus pulmones, necesitamos que sanen\u201d<\/strong>, precis\u00f3.<\/p>\n\n\n\n<p>A modo de cierre, expres\u00f3: \u201cPedimos oraci\u00f3n para que con fe tengamos un mejor diagn\u00f3stico. Esperamos evoluci\u00f3n\u201d.<\/p>\n\n\n\n<p><\/p>\n","protected":false},"excerpt":{"rendered":"<p>La influencer comparti\u00f3 novedades sobre la salud de su expareja y dio a conocer c\u00f3mo est\u00e1n los pulmones del joven. Daniela Celis comparti\u00f3 en sus redes sociales la\u00a0\u00faltima actualizaci\u00f3n sobre&hellip; <\/p>\n","protected":false},"author":8,"featured_media":228357,"comment_status":"closed","ping_status":"open","sticky":false,"template":"","format":"standard","meta":{"footnotes":""},"categories":[19],"tags":[],"class_list":["post-228356","post","type-post","status-publish","format-standard","has-post-thumbnail","hentry","category-espectaculos"],"_links":{"self":[{"href":"https:\/\/corrientesdetarde.com\/index.php\/wp-json\/wp\/v2\/posts\/228356","targetHints":{"allow":["GET"]}}],"collection":[{"href":"https:\/\/corrientesdetarde.com\/index.php\/wp-json\/wp\/v2\/posts"}],"about":[{"href":"https:\/\/corrientesdetarde.com\/index.php\/wp-json\/wp\/v2\/types\/post"}],"author":[{"embeddable":true,"href":"https:\/\/corrientesdetarde.com\/index.php\/wp-json\/wp\/v2\/users\/8"}],"replies":[{"embeddable":true,"href":"https:\/\/corrientesdetarde.com\/index.php\/wp-json\/wp\/v2\/comments?post=228356"}],"version-history":[{"count":1,"href":"https:\/\/corrientesdetarde.com\/index.php\/wp-json\/wp\/v2\/posts\/228356\/revisions"}],"predecessor-version":[{"id":228358,"href":"https:\/\/corrientesdetarde.com\/index.php\/wp-json\/wp\/v2\/posts\/228356\/revisions\/228358"}],"wp:featuredmedia":[{"embeddable":true,"href":"https:\/\/corrientesdetarde.com\/index.php\/wp-json\/wp\/v2\/media\/228357"}],"wp:attachment":[{"href":"https:\/\/corrientesdetarde.com\/index.php\/wp-json\/wp\/v2\/media?parent=228356"}],"wp:term":[{"taxonomy":"category","embeddable":true,"href":"https:\/\/corrientesdetarde.com\/index.php\/wp-json\/wp\/v2\/categories?post=228356"},{"taxonomy":"post_tag","embeddable":true,"href":"https:\/\/corrientesdetarde.com\/index.php\/wp-json\/wp\/v2\/tags?post=228356"}],"curies":[{"name":"wp","href":"https:\/\/api.w.org\/{rel}","templated":true}]}}