{"id":228359,"date":"2025-09-23T16:01:46","date_gmt":"2025-09-23T19:01:46","guid":{"rendered":"https:\/\/corrientesdetarde.com\/?p=228359"},"modified":"2025-09-23T16:01:51","modified_gmt":"2025-09-23T19:01:51","slug":"trump-comparo-a-alberto-fernandez-con-biden-un-corrupto-parecido-al-peor-presidente-de-nuestra-nacion","status":"publish","type":"post","link":"https:\/\/corrientesdetarde.com\/index.php\/politica\/trump-comparo-a-alberto-fernandez-con-biden-un-corrupto-parecido-al-peor-presidente-de-nuestra-nacion\/","title":{"rendered":"Trump compar\u00f3 a Alberto Fern\u00e1ndez con Biden: \u201cUn corrupto, parecido al peor presidente de nuestra naci\u00f3n\u201d"},"content":{"rendered":"\n<p>Luego de la reuni\u00f3n bilateral, el l\u00edder republicano destac\u00f3 que Javier Milei \u201chered\u00f3 un desastre total, con una inflaci\u00f3n horrible\u201d.<\/p>\n\n\n\n<p>El presidente\u00a0<strong>Javier Milei<\/strong>\u00a0mantuvo este martes una reuni\u00f3n bilateral con su par de Estados Unidos, Donald Trump, en medio de las negociaciones con el FMI para destrabar una nueva ayuda financiera. Tras el encuentro, el mandatario republicano\u00a0ratific\u00f3 su apoyo Presidente argentino, pero adem\u00e1s\u00a0<strong>cuestion\u00f3 la gesti\u00f3n de su antecesor, Alberto Fern\u00e1ndez<\/strong>.<\/p>\n\n\n\n<p>\u201c(Milei) hered\u00f3 un&nbsp;<strong>desastre total<\/strong>,con una&nbsp;<strong>inflaci\u00f3n horrible causada por el anterior presidente de izquierda radical<\/strong>,&nbsp;<strong>muy parecido al corrupto Joe Biden<\/strong>, el peor presidente en la historia de nuestra naci\u00f3n&#8221;, dijo Trump, para enseguida destacar la gesti\u00f3n del libertario: \u201cDevolvi\u00f3 la estabilidad a la econom\u00eda de Argentina y la elev\u00f3 a un nuevo nivel de prominencia y respeto\u201d.<\/p>\n\n\n\n<p>La referencia negativa de Trump a Alberto Fern\u00e1ndez se enmarca en&nbsp;<strong>una dif\u00edcil relaci\u00f3n que mantuvieron a\u00f1os atr\u00e1s<\/strong>. En contrapartida,&nbsp;<strong>el v\u00ednculo con Milei fue desde el comienzo muy cercano<\/strong>, incluso antes de ser electo presidente.<\/p>\n\n\n\n<p>Durante su mandato, Fern\u00e1ndez hab\u00eda revelado que en una reuni\u00f3n con Joe Biden \u201cse re\u00edan de Trump\u201d. Adem\u00e1s le atribuy\u00f3 al por entonces presidente de EE.UU. haber dicho que hab\u00eda \u201cheredado una econom\u00eda desquiciada\u201d de Trump, lo que le sirvi\u00f3 para comparar -en su mirada- lo que \u00e9l mismo hab\u00eda recibido de su antecesor, Mauricio Macri.<\/p>\n\n\n\n<h2 class=\"wp-block-heading\">La bilateral entre Trump y Milei<\/h2>\n\n\n\n<p>\u201cEs un l\u00edder verdaderamente fant\u00e1stico y<strong>&nbsp;tiene mi respaldo completo y total para su reelecci\u00f3n en octubre<\/strong>\u201d, respald\u00f3 Trump a Milei en un mensaje difundido a trav\u00e9s de las redes sociales. Pese al contundente apoyo, no hubo anuncios concretos tras la bilateral.<\/p>\n\n\n\n<p>\u201cHemos tenido una tremenda relaci\u00f3n con Argentina, que&nbsp;<strong>se ha convertido en un fuerte aliado<\/strong>, gracias al presidente Milei\u201d, subray\u00f3 Trump. Y volvi\u00f3 a enfatizar su respaldo al l\u00edder libertario: \u201cEspero seguir trabajando estrechamente con \u00e9l para que nuestros dos pa\u00edses puedan continuar en sus incre\u00edbles caminos de \u00e9xito. Argentina: Javier Milei es un muy buen amigo, luchador y ganador, y&nbsp;<strong>tiene mi respaldo completo y total para la reelecci\u00f3n como Presidente<\/strong>\u201d.<\/p>\n\n\n\n<figure class=\"wp-block-image is-resized\"><img decoding=\"async\" src=\"https:\/\/tn.com.ar\/resizer\/v2\/javier-milei-y-donald-trump-despues-de-la-reunion-bilateral-que-mantuvieron-en-nueva-york-foto-presidencia-KFYHTMLE5NETTMVYSPO5SVKOHI.jpeg?auth=9710b4dc50927642e955a2a9333927ccb34960cb6485e47aaaa9c39ef1bf3660&amp;width=767\" alt=\"Javier Milei y Donald Trump, despu\u00e9s de la reuni\u00f3n bilateral que mantuvieron en Nueva York. (Foto: Presidencia)\" style=\"width:767px;height:auto\"\/><\/figure>\n\n\n\n<p>El Gobierno fue a buscar un respaldo de su gesti\u00f3n en uno de los momentos m\u00e1s complejos a nivel pol\u00edtico y econ\u00f3mico desde que comenz\u00f3 su gesti\u00f3n. Por eso la euforia del Presidente y sus ministros luego de la reuni\u00f3n con Trump, a la que todos calificaron como muy positiva.<\/p>\n\n\n\n<p>Javier Milei negocia con Donald Trump permitir la presencia militar de los Estados Unidos en la Argentina con el objetivo de obtener ayuda financiera para el pago de deuda de US$4000 millones en enero y US$4500 millones en julio.<\/p>\n\n\n\n<p><\/p>\n","protected":false},"excerpt":{"rendered":"<p>Luego de la reuni\u00f3n bilateral, el l\u00edder republicano destac\u00f3 que Javier Milei \u201chered\u00f3 un desastre total, con una inflaci\u00f3n horrible\u201d. El presidente\u00a0Javier Milei\u00a0mantuvo este martes una reuni\u00f3n bilateral con su&hellip; <\/p>\n","protected":false},"author":8,"featured_media":228360,"comment_status":"closed","ping_status":"open","sticky":false,"template":"","format":"standard","meta":{"footnotes":""},"categories":[3],"tags":[],"class_list":["post-228359","post","type-post","status-publish","format-standard","has-post-thumbnail","hentry","category-politica"],"_links":{"self":[{"href":"https:\/\/corrientesdetarde.com\/index.php\/wp-json\/wp\/v2\/posts\/228359","targetHints":{"allow":["GET"]}}],"collection":[{"href":"https:\/\/corrientesdetarde.com\/index.php\/wp-json\/wp\/v2\/posts"}],"about":[{"href":"https:\/\/corrientesdetarde.com\/index.php\/wp-json\/wp\/v2\/types\/post"}],"author":[{"embeddable":true,"href":"https:\/\/corrientesdetarde.com\/index.php\/wp-json\/wp\/v2\/users\/8"}],"replies":[{"embeddable":true,"href":"https:\/\/corrientesdetarde.com\/index.php\/wp-json\/wp\/v2\/comments?post=228359"}],"version-history":[{"count":1,"href":"https:\/\/corrientesdetarde.com\/index.php\/wp-json\/wp\/v2\/posts\/228359\/revisions"}],"predecessor-version":[{"id":228361,"href":"https:\/\/corrientesdetarde.com\/index.php\/wp-json\/wp\/v2\/posts\/228359\/revisions\/228361"}],"wp:featuredmedia":[{"embeddable":true,"href":"https:\/\/corrientesdetarde.com\/index.php\/wp-json\/wp\/v2\/media\/228360"}],"wp:attachment":[{"href":"https:\/\/corrientesdetarde.com\/index.php\/wp-json\/wp\/v2\/media?parent=228359"}],"wp:term":[{"taxonomy":"category","embeddable":true,"href":"https:\/\/corrientesdetarde.com\/index.php\/wp-json\/wp\/v2\/categories?post=228359"},{"taxonomy":"post_tag","embeddable":true,"href":"https:\/\/corrientesdetarde.com\/index.php\/wp-json\/wp\/v2\/tags?post=228359"}],"curies":[{"name":"wp","href":"https:\/\/api.w.org\/{rel}","templated":true}]}}