{"id":228362,"date":"2025-09-23T16:04:22","date_gmt":"2025-09-23T19:04:22","guid":{"rendered":"https:\/\/corrientesdetarde.com\/?p=228362"},"modified":"2025-09-23T16:04:35","modified_gmt":"2025-09-23T19:04:35","slug":"balon-de-oro-revelan-un-dato-inesperado-sobre-la-votacion-que-le-dio-el-triunfo-a-ousmane-dembele","status":"publish","type":"post","link":"https:\/\/corrientesdetarde.com\/index.php\/deportes\/balon-de-oro-revelan-un-dato-inesperado-sobre-la-votacion-que-le-dio-el-triunfo-a-ousmane-dembele\/","title":{"rendered":"Bal\u00f3n de Oro: revelan un dato inesperado sobre la votaci\u00f3n que le dio el triunfo a Ousmane Demb\u00e9l\u00e9"},"content":{"rendered":"\n<p>El delantero franc\u00e9s se llev\u00f3 el premio por primera vez en su carrera. Lamine Yamal, el crack del Barcelona, termin\u00f3 en segundo lugar.<\/p>\n\n\n\n<p>El\u00a0<strong>Bal\u00f3n de Oro 2025<\/strong>\u00a0fue ganado por\u00a0<strong>Ousmane Demb\u00e9l\u00e9<\/strong>, que tuvo una gran temporada en el\u00a0<strong>PSG<\/strong>, donde no solo gan\u00f3 varios t\u00edtulos, sino que adem\u00e1s se pudo volver un futbolista mucho m\u00e1s completo. De hecho, el editor jefe de\u00a0<em>France Football<\/em>, revista que organiza el premio, dijo que\u00a0<strong>el franc\u00e9s no tuvo competencia y que el margen fue muy amplio respecto a los otros futbolistas.<\/strong><\/p>\n\n\n\n<p>\u201cSi tuviera que darles una idea, no hubo competencia, sinceramente\u201d, indic\u00f3&nbsp;<strong>Vincent Garcia<\/strong>&nbsp;en&nbsp;<em>L\u2019\u00c9quipe TV<\/em>. Adem\u00e1s, afirm\u00f3 que hubo unanimidad en los periodistas de m\u00e1s de 100 pa\u00edses que participan de la votaci\u00f3n.<\/p>\n\n\n\n<figure class=\"wp-block-image\"><img decoding=\"async\" src=\"https:\/\/tn.com.ar\/resizer\/v2\/el-editor-jefe-de-france-football-dijo-que-dembele-no-tuvo-competencia-y-que-el-margen-fue-muy-amplio-respecto-a-los-otros-futbolistas-foto-reutersbenoit-tessier-POYKYW7DDN7BXYD4I7W5CJDQDE.jpg?auth=511cb294f65b3ec5ba5696052204e20c78cd63d7b3512511fdf2ab2f8481a210&amp;width=767\" alt=\"El editor jefe de France Football dijo que Demb\u00e9l\u00e9 no tuvo competencia y que el margen fue muy amplio respecto a los otros futbolistas. (Foto: REUTERS\/Benoit Tessier)\"\/><\/figure>\n\n\n\n<p>El editor mencion\u00f3 que otros jugadores del PSG como&nbsp;<strong>Vitinha<\/strong>&nbsp;y&nbsp;<strong>Achraf Hakimi&nbsp;<\/strong>tambi\u00e9n recibieron algunos votos, aunque no llegaron a estar cerca de los del delantero franc\u00e9s, que fue la gran figura en la Champions League que gan\u00f3 el conjunto parisino.<\/p>\n\n\n\n<p>El&nbsp;<strong>resultado oficial se conocer\u00e1 reci\u00e9n el s\u00e1bado<\/strong>, cuando&nbsp;<em>France Football<\/em>&nbsp;publique el desglose completo en su n\u00famero especial. Ah\u00ed se ver\u00e1 c\u00f3mo fueron las votaciones de los jueces, que distribuyeron sus puntos entre todos los nominados.<\/p>\n\n\n\n<figure class=\"wp-block-image\"><img decoding=\"async\" src=\"https:\/\/tn.com.ar\/resizer\/v2\/ronaldinho-le-entrega-el-balon-de-oro-a-ousmane-dembele-reutersbenoit-tessier-NXABMA3BCJSLHMRCYKD55QR3FM.jpg?auth=58f34801070fe52a8c4741f906f9146d549e94c012e82ff1bec96f9d5c3887f3&amp;width=767\" alt=\"Ronaldinho le entrega el Bal\u00f3n de Oro a Ousmane Demb\u00e9l\u00e9. (REUTERS\/Benoit Tessier)\"\/><\/figure>\n\n\n\n<p>En Espa\u00f1a, la expectativa estaba puesta en\u00a0<strong>Lamine Yamal<\/strong>, que finalmente qued\u00f3 en segundo lugar. De hecho, su padre, presente en la gala, tambi\u00e9n\u00a0aliment\u00f3 la pol\u00e9mica con frases que hicieron ruido. \u201cAqu\u00ed ha pasado algo muy raro\u201d, dijo.<\/p>\n\n\n\n<h2 class=\"wp-block-heading\"><strong>Todos los ganadores de la ceremonia del Bal\u00f3n de Oro 2025<\/strong><\/h2>\n\n\n\n<ul class=\"wp-block-list\">\n<li>Bal\u00f3n de Oro masculino: Ousmane Demb\u00e9l\u00e9 (PSG &#8211; Francia)<\/li>\n\n\n\n<li>Bal\u00f3n de Oro femenino: Aitana Bonmat\u00ed (Barcelona &#8211; Espa\u00f1a)<\/li>\n\n\n\n<li>Premio S\u00f3crates: Fundaci\u00f3n Xana<\/li>\n\n\n\n<li>Club del A\u00f1o masculino: PSG (Francia)<\/li>\n\n\n\n<li>Club del A\u00f1o femenino: Arsenal (Inglaterra)<\/li>\n\n\n\n<li>Trofeo Gerd M\u00fcller masculino: Viktor Gyokeres (Sporting Lisboa &#8211; Suecia)<\/li>\n\n\n\n<li>Trofeo Gerd M\u00fcller femenino: Ewa Pajor (Barcelona &#8211; Polonia)<\/li>\n\n\n\n<li>Trofeo Lev Yashin masculino: Gianluigi Donnarumma (PSG &#8211; Italia)<\/li>\n\n\n\n<li>Trofeo Lev Yashin femenino: Hannah Hampton (Chelsea &#8211; Inglaterra)<\/li>\n\n\n\n<li>Trofeo Johan Cruyff masculino: Luis Enrique (PSG &#8211; Espa\u00f1a)<\/li>\n\n\n\n<li>Trofeo Johan Cruyff femenino: Sarina Wiegman (Selecci\u00f3n de Inglaterra)<\/li>\n\n\n\n<li>Trofeo Kopa femenino: Vicky L\u00f3pez (Barcelona &#8211; Espa\u00f1a)<\/li>\n\n\n\n<li>Trofeo Kopa masculino: Lamine Yamal (Barcelona &#8211; Espa\u00f1a)<\/li>\n<\/ul>\n","protected":false},"excerpt":{"rendered":"<p>El delantero franc\u00e9s se llev\u00f3 el premio por primera vez en su carrera. Lamine Yamal, el crack del Barcelona, termin\u00f3 en segundo lugar. El\u00a0Bal\u00f3n de Oro 2025\u00a0fue ganado por\u00a0Ousmane Demb\u00e9l\u00e9,&hellip; <\/p>\n","protected":false},"author":8,"featured_media":228363,"comment_status":"closed","ping_status":"open","sticky":false,"template":"","format":"standard","meta":{"footnotes":""},"categories":[4],"tags":[],"class_list":["post-228362","post","type-post","status-publish","format-standard","has-post-thumbnail","hentry","category-deportes"],"_links":{"self":[{"href":"https:\/\/corrientesdetarde.com\/index.php\/wp-json\/wp\/v2\/posts\/228362","targetHints":{"allow":["GET"]}}],"collection":[{"href":"https:\/\/corrientesdetarde.com\/index.php\/wp-json\/wp\/v2\/posts"}],"about":[{"href":"https:\/\/corrientesdetarde.com\/index.php\/wp-json\/wp\/v2\/types\/post"}],"author":[{"embeddable":true,"href":"https:\/\/corrientesdetarde.com\/index.php\/wp-json\/wp\/v2\/users\/8"}],"replies":[{"embeddable":true,"href":"https:\/\/corrientesdetarde.com\/index.php\/wp-json\/wp\/v2\/comments?post=228362"}],"version-history":[{"count":1,"href":"https:\/\/corrientesdetarde.com\/index.php\/wp-json\/wp\/v2\/posts\/228362\/revisions"}],"predecessor-version":[{"id":228364,"href":"https:\/\/corrientesdetarde.com\/index.php\/wp-json\/wp\/v2\/posts\/228362\/revisions\/228364"}],"wp:featuredmedia":[{"embeddable":true,"href":"https:\/\/corrientesdetarde.com\/index.php\/wp-json\/wp\/v2\/media\/228363"}],"wp:attachment":[{"href":"https:\/\/corrientesdetarde.com\/index.php\/wp-json\/wp\/v2\/media?parent=228362"}],"wp:term":[{"taxonomy":"category","embeddable":true,"href":"https:\/\/corrientesdetarde.com\/index.php\/wp-json\/wp\/v2\/categories?post=228362"},{"taxonomy":"post_tag","embeddable":true,"href":"https:\/\/corrientesdetarde.com\/index.php\/wp-json\/wp\/v2\/tags?post=228362"}],"curies":[{"name":"wp","href":"https:\/\/api.w.org\/{rel}","templated":true}]}}