{"id":228379,"date":"2025-09-23T22:05:30","date_gmt":"2025-09-24T01:05:30","guid":{"rendered":"https:\/\/corrientesdetarde.com\/?p=228379"},"modified":"2025-09-23T22:05:44","modified_gmt":"2025-09-24T01:05:44","slug":"feriado-por-el-dia-de-la-virgen-de-la-merced-las-guardias-en-los-hospitales-y-caps-funcionaran-normalmente","status":"publish","type":"post","link":"https:\/\/corrientesdetarde.com\/index.php\/destacados\/feriado-por-el-dia-de-la-virgen-de-la-merced-las-guardias-en-los-hospitales-y-caps-funcionaran-normalmente\/","title":{"rendered":"Feriado por el d\u00eda de la Virgen de la Merced: Las Guardias en los hospitales y CAPS funcionar\u00e1n normalmente"},"content":{"rendered":"\n<p>La cartera sanitaria provincial recuerda que est\u00e1 asegurada, durante el feriado del 24 de septiembre, la normal prestaci\u00f3n de servicios en los centros asistenciales y en los CAPS N\u00b0 3, 4, 5, 9, 10, y 15 de Capital.<\/p>\n\n\n\n<p>El Ministerio de Salud P\u00fablica recuerda que est\u00e1n garantizadas las guardias en los hospitales y Centros de Atenci\u00f3n Primaria de la Salud (CAPS) durante el feriado del 24 de septiembre. En cada centro asistencial, los directores coordinan los refuerzos respectivos para asegurar la atenci\u00f3n a la poblaci\u00f3n.<br>Al respecto, el director general de Gesti\u00f3n Hospitalaria e Instituciones de Salud, Mario Rodr\u00edguez, inform\u00f3 que las guardias est\u00e1n garantizadas.<\/p>\n\n\n\n<p>&#8220;La organizaci\u00f3n siempre se da a criterio de cada hospital, es decir, cada direcci\u00f3n se encarga de organizar y de reforzar los servicios para asegurar la atenci\u00f3n&#8221;, sostuvo.&nbsp;<\/p>\n\n\n\n<p>Por su parte, el director de Coordinaci\u00f3n de CAPS Capital, Cristian Sarqu\u00eds, indic\u00f3 que en los Centros de Atenci\u00f3n Primaria de la Salud (CAPS) &#8220;tambi\u00e9n est\u00e1n garantizadas las guardias y articuladas con la Direcci\u00f3n de Emergencias Sanitarias (DES 107)&#8221; y aclar\u00f3 que los centros que tienen ese servicio &#8220;son los CAPS N\u00b0 3 (barrio 1.000 Viv), 4 (barrio Laguna Seca), 5 (barrio Dr. Monta\u00f1a), 9 (barrio 17 de Agosto), 10 (barrio Molina Punta), y 15 (barrio Pirayu\u00ed 550 Viv.)&#8221;.<\/p>\n","protected":false},"excerpt":{"rendered":"<p>La cartera sanitaria provincial recuerda que est\u00e1 asegurada, durante el feriado del 24 de septiembre, la normal prestaci\u00f3n de servicios en los centros asistenciales y en los CAPS N\u00b0 3,&hellip; <\/p>\n","protected":false},"author":4,"featured_media":228380,"comment_status":"closed","ping_status":"open","sticky":false,"template":"","format":"standard","meta":{"footnotes":""},"categories":[26],"tags":[],"class_list":["post-228379","post","type-post","status-publish","format-standard","has-post-thumbnail","hentry","category-destacados"],"_links":{"self":[{"href":"https:\/\/corrientesdetarde.com\/index.php\/wp-json\/wp\/v2\/posts\/228379","targetHints":{"allow":["GET"]}}],"collection":[{"href":"https:\/\/corrientesdetarde.com\/index.php\/wp-json\/wp\/v2\/posts"}],"about":[{"href":"https:\/\/corrientesdetarde.com\/index.php\/wp-json\/wp\/v2\/types\/post"}],"author":[{"embeddable":true,"href":"https:\/\/corrientesdetarde.com\/index.php\/wp-json\/wp\/v2\/users\/4"}],"replies":[{"embeddable":true,"href":"https:\/\/corrientesdetarde.com\/index.php\/wp-json\/wp\/v2\/comments?post=228379"}],"version-history":[{"count":1,"href":"https:\/\/corrientesdetarde.com\/index.php\/wp-json\/wp\/v2\/posts\/228379\/revisions"}],"predecessor-version":[{"id":228381,"href":"https:\/\/corrientesdetarde.com\/index.php\/wp-json\/wp\/v2\/posts\/228379\/revisions\/228381"}],"wp:featuredmedia":[{"embeddable":true,"href":"https:\/\/corrientesdetarde.com\/index.php\/wp-json\/wp\/v2\/media\/228380"}],"wp:attachment":[{"href":"https:\/\/corrientesdetarde.com\/index.php\/wp-json\/wp\/v2\/media?parent=228379"}],"wp:term":[{"taxonomy":"category","embeddable":true,"href":"https:\/\/corrientesdetarde.com\/index.php\/wp-json\/wp\/v2\/categories?post=228379"},{"taxonomy":"post_tag","embeddable":true,"href":"https:\/\/corrientesdetarde.com\/index.php\/wp-json\/wp\/v2\/tags?post=228379"}],"curies":[{"name":"wp","href":"https:\/\/api.w.org\/{rel}","templated":true}]}}