{"id":228382,"date":"2025-09-23T22:40:24","date_gmt":"2025-09-24T01:40:24","guid":{"rendered":"https:\/\/corrientesdetarde.com\/?p=228382"},"modified":"2025-09-23T22:40:44","modified_gmt":"2025-09-24T01:40:44","slug":"diputados-convoco-a-jueces-y-fiscales-para-debatir-la-ley-de-narcomenudeo-en-corrientes","status":"publish","type":"post","link":"https:\/\/corrientesdetarde.com\/index.php\/actualidad\/diputados-convoco-a-jueces-y-fiscales-para-debatir-la-ley-de-narcomenudeo-en-corrientes\/","title":{"rendered":"Diputados convoc\u00f3 a jueces y fiscales para debatir la Ley de Narcomenudeo en Corrientes"},"content":{"rendered":"\n<p>El encuentro, impulsado por la Comisi\u00f3n de Asuntos Constitucionales que preside la diputada Luc\u00eda Centuri\u00f3n, reuni\u00f3 a legisladores de distintos bloques y a representantes de la Justicia provincial y federal.<\/p>\n\n\n\n<p>La C\u00e1mara de Diputados de Corrientes llev\u00f3 adelante este lunes una reuni\u00f3n ampliada de comisi\u00f3n para analizar el proyecto de &#8220;desfederalizaci\u00f3n parcial de delitos tipificados en la Ley de Estupefacientes&#8221;, conocido como Ley de Narcomenudeo.<\/p>\n\n\n\n<p>El encuentro, impulsado por la Comisi\u00f3n de Asuntos Constitucionales que preside la diputada Luc\u00eda Centuri\u00f3n, reuni\u00f3 a legisladores de distintos bloques y a representantes de la Justicia provincial y federal.<\/p>\n\n\n\n<p>Participaron los ministros del Superior Tribunal de Justicia, Alejandro Cha\u00edn y Eduardo Panseri; el fiscal general del Ministerio P\u00fablico, C\u00e9sar Sotelo; el fiscal general federal de Corrientes, Carlos Schaefer; el defensor p\u00fablico oficial, Enzo Mario Di Tella; la jueza de Ejecuci\u00f3n de la Condena, Mar\u00eda Teresa Zacar\u00edas; y el doctor Diego Roberto N\u00fa\u00f1ez Huel, junto a otros magistrados como Josefina Gonz\u00e1lez Caba\u00f1as, Gabriela Arom\u00ed, Soledad Branchi, Tamara Pourcel, Emilio S\u00e1nchez Lafuente, Mart\u00edn Mari\u00f1o Fages, Melina Perborel, Flavio Ferrini y Carlos Shaequen.<\/p>\n\n\n\n<p>En representaci\u00f3n del Poder Legislativo asistieron los diputados Walter Ch\u00e1vez, Eugenia Mancini, Marlen Ga\u00fana, Norberto Ast, Andrea Giotta, Valeria Pav\u00f3n, Silvia Galarza, Horacio Pozo, Jos\u00e9 Romero Brisco y Any Pereyra, adem\u00e1s del presidente de la C\u00e1mara, Pedro Cassani, acompa\u00f1ado por los secretarios Evelyn Karsten y Carlos Cipolini.<\/p>\n\n\n\n<p>Durante la jornada, jueces y fiscales expusieron diagn\u00f3sticos sobre la situaci\u00f3n del narcotr\u00e1fico en la provincia, con \u00e9nfasis en cuestiones presupuestarias, la realidad carcelaria y el impacto del consumo problem\u00e1tico de drogas. Tambi\u00e9n remarcaron la importancia de fortalecer la pol\u00edtica criminal junto a acciones preventivas, educativas y sanitarias.<\/p>\n\n\n\n<p>Los representantes de la Justicia coincidieron en que la iniciativa debe ser abordada de manera participativa e integral, y manifestaron su disposici\u00f3n a continuar colaborando en el debate legislativo.<\/p>\n","protected":false},"excerpt":{"rendered":"<p>El encuentro, impulsado por la Comisi\u00f3n de Asuntos Constitucionales que preside la diputada Luc\u00eda Centuri\u00f3n, reuni\u00f3 a legisladores de distintos bloques y a representantes de la Justicia provincial y federal.&hellip; <\/p>\n","protected":false},"author":4,"featured_media":228384,"comment_status":"closed","ping_status":"open","sticky":false,"template":"","format":"standard","meta":{"footnotes":""},"categories":[23],"tags":[],"class_list":["post-228382","post","type-post","status-publish","format-standard","has-post-thumbnail","hentry","category-actualidad"],"_links":{"self":[{"href":"https:\/\/corrientesdetarde.com\/index.php\/wp-json\/wp\/v2\/posts\/228382","targetHints":{"allow":["GET"]}}],"collection":[{"href":"https:\/\/corrientesdetarde.com\/index.php\/wp-json\/wp\/v2\/posts"}],"about":[{"href":"https:\/\/corrientesdetarde.com\/index.php\/wp-json\/wp\/v2\/types\/post"}],"author":[{"embeddable":true,"href":"https:\/\/corrientesdetarde.com\/index.php\/wp-json\/wp\/v2\/users\/4"}],"replies":[{"embeddable":true,"href":"https:\/\/corrientesdetarde.com\/index.php\/wp-json\/wp\/v2\/comments?post=228382"}],"version-history":[{"count":1,"href":"https:\/\/corrientesdetarde.com\/index.php\/wp-json\/wp\/v2\/posts\/228382\/revisions"}],"predecessor-version":[{"id":228386,"href":"https:\/\/corrientesdetarde.com\/index.php\/wp-json\/wp\/v2\/posts\/228382\/revisions\/228386"}],"wp:featuredmedia":[{"embeddable":true,"href":"https:\/\/corrientesdetarde.com\/index.php\/wp-json\/wp\/v2\/media\/228384"}],"wp:attachment":[{"href":"https:\/\/corrientesdetarde.com\/index.php\/wp-json\/wp\/v2\/media?parent=228382"}],"wp:term":[{"taxonomy":"category","embeddable":true,"href":"https:\/\/corrientesdetarde.com\/index.php\/wp-json\/wp\/v2\/categories?post=228382"},{"taxonomy":"post_tag","embeddable":true,"href":"https:\/\/corrientesdetarde.com\/index.php\/wp-json\/wp\/v2\/tags?post=228382"}],"curies":[{"name":"wp","href":"https:\/\/api.w.org\/{rel}","templated":true}]}}