{"id":228450,"date":"2025-09-24T10:00:27","date_gmt":"2025-09-24T13:00:27","guid":{"rendered":"https:\/\/corrientesdetarde.com\/?p=228450"},"modified":"2025-09-24T10:00:29","modified_gmt":"2025-09-24T13:00:29","slug":"robaron-telefonos-de-alta-gama-valuados-en-35-millones-de-pesos","status":"publish","type":"post","link":"https:\/\/corrientesdetarde.com\/index.php\/policiales\/robaron-telefonos-de-alta-gama-valuados-en-35-millones-de-pesos\/","title":{"rendered":"Robaron tel\u00e9fonos de alta gama valuados en 35 millones de pesos"},"content":{"rendered":"\n<p>Cuatro delincuentes llevaron un total de 48 equipos de la marca Apple. Llegaron en dos motos manejadas por c\u00f3mplices que oficiaron de campana. Con barreta y destornillador abrieron una reja y una puerta blindex. El local funciona desde hace menos de un mes.<\/p>\n\n\n\n<p>Una banda de motochorros sustrajo decenas de tel\u00e9fonos celulares de alta gama valuados en 35 millones de pesos. El golpe delictivo se produjo en un local comercial que funciona desde hace poco menos de un mes en el capitalino barrio Concepci\u00f3n.<\/p>\n\n\n\n<p>Junto a la denuncia, el propietario de la firma &#8220;Tutienda.iPhone&#8221; entreg\u00f3 a la Polic\u00eda la filmaci\u00f3n de una c\u00e1mara interna del negocio en la que aparecen los dos delincuentes que entraron al lugar.<\/p>\n\n\n\n<p>Ambos sujetos cargaron un total de 48 equipos de la marca Apple, modelos iPhone, a dos mochilas con las que salieron en poco menos de un minuto.<\/p>\n\n\n\n<p>De acuerdo a la principal hip\u00f3tesis de la Polic\u00eda el robo no fue al azar, sino producto de una planificaci\u00f3n.<\/p>\n\n\n\n<p>Mientras dos de los ladrones accedieron a la tienda tras violentar una puerta de rejas y una puerta de blindex otros dos hombres en dos motocicletas esperaban a pocos metros, oficiando de campana.<\/p>\n\n\n\n<p>El delito ocurri\u00f3 el lunes poco despu\u00e9s de la medianoche en calle Tilcara entre avenida Maip\u00fa y Los Calchaqu\u00edes.<\/p>\n\n\n\n<p>Los registros de la c\u00e1mara de seguridad interna como otros dispositivos colocados en la parte exterior de una serie de comercios lindantes, entre la llegada de los malvivientes y la fuga transcurrieron tres minutos. En ese tiempo estuvieron parados en la vereda, forzaron las aberturas, ingresaron y finalmente huyeron tras unos pocos segundos de espera a los conductores de las motos, apostados en la cuadra.<\/p>\n\n\n\n<p>Ambos sujetos que accedieron al comercio llegaron a pie desde Los Calchaqu\u00edes. Los dos cubr\u00edan sus rostros con la capucha de buzos y uno de ellos con una gorra con visera.<\/p>\n\n\n\n<p>En todo momento caminaron con las cabezas gachas a sabiendas de la existencia de las c\u00e1maras.<\/p>\n\n\n\n<p>Por su manera de maniobrar en el interior del local tambi\u00e9n, se cree, estaban al tanto de que podr\u00edan quedar registrados en alguna filmaci\u00f3n. Nunca descuidaron sus rostros.<\/p>\n\n\n\n<p>Las im\u00e1genes a las que accedi\u00f3 diario \u00e9poca permiten saber que utilizaron una barreta de hierro y un destornillador.<\/p>\n\n\n\n<p>Ambos sujetos decidieron dividirse para saquear dos exhibidores en las cuales estaban los aparatos de distintos modelos, colores y precios. Se trata de celulares sofisticados muy apreciados por su tecnolog\u00eda.<\/p>\n\n\n\n<p>Una computadora port\u00e1til que estaba sobre un escritorio no fue tenida en cuenta por los malvivientes, quienes desistieron de sustraerla.<\/p>\n\n\n\n<p>La denuncia penal fue asentada en la comisar\u00eda seccional Decimoquinta con intervenci\u00f3n de la Unidad Fiscal de Investigaciones Concretas en turno.<\/p>\n\n\n\n<p>El propietario de la firma damnificada precis\u00f3 que abrieron el local hace tres semanas y a pesar de la p\u00e9rdida millonaria van a continuar con el negocio.<\/p>\n\n\n\n<p>La Direcci\u00f3n General de Investigaci\u00f3n de Delitos Complejos y Delitos Inform\u00e1ticos, como la Direcci\u00f3n de Investigaci\u00f3n Criminal trabajan en procura de llegar al esclarecimiento y captura de la banda de motochorros.<\/p>\n\n\n\n<p>El due\u00f1o del comercio manifest\u00f3 que los aparatos de comunicaci\u00f3n cuentan con c\u00f3digos pregrabados que los identifican a nivel mundial (IMEI), registrados, lo que permitir\u00eda detectar cualquier intento de comercializaci\u00f3n irregular. En este sentido, desliz\u00f3 que buscar\u00e1 la forma de bloquearlos en coordinaci\u00f3n con sus proveedores.<\/p>\n","protected":false},"excerpt":{"rendered":"<p>Cuatro delincuentes llevaron un total de 48 equipos de la marca Apple. Llegaron en dos motos manejadas por c\u00f3mplices que oficiaron de campana. Con barreta y destornillador abrieron una reja&hellip; <\/p>\n","protected":false},"author":3,"featured_media":228461,"comment_status":"closed","ping_status":"open","sticky":false,"template":"","format":"standard","meta":{"footnotes":""},"categories":[33],"tags":[],"class_list":["post-228450","post","type-post","status-publish","format-standard","has-post-thumbnail","hentry","category-policiales"],"_links":{"self":[{"href":"https:\/\/corrientesdetarde.com\/index.php\/wp-json\/wp\/v2\/posts\/228450","targetHints":{"allow":["GET"]}}],"collection":[{"href":"https:\/\/corrientesdetarde.com\/index.php\/wp-json\/wp\/v2\/posts"}],"about":[{"href":"https:\/\/corrientesdetarde.com\/index.php\/wp-json\/wp\/v2\/types\/post"}],"author":[{"embeddable":true,"href":"https:\/\/corrientesdetarde.com\/index.php\/wp-json\/wp\/v2\/users\/3"}],"replies":[{"embeddable":true,"href":"https:\/\/corrientesdetarde.com\/index.php\/wp-json\/wp\/v2\/comments?post=228450"}],"version-history":[{"count":1,"href":"https:\/\/corrientesdetarde.com\/index.php\/wp-json\/wp\/v2\/posts\/228450\/revisions"}],"predecessor-version":[{"id":228490,"href":"https:\/\/corrientesdetarde.com\/index.php\/wp-json\/wp\/v2\/posts\/228450\/revisions\/228490"}],"wp:featuredmedia":[{"embeddable":true,"href":"https:\/\/corrientesdetarde.com\/index.php\/wp-json\/wp\/v2\/media\/228461"}],"wp:attachment":[{"href":"https:\/\/corrientesdetarde.com\/index.php\/wp-json\/wp\/v2\/media?parent=228450"}],"wp:term":[{"taxonomy":"category","embeddable":true,"href":"https:\/\/corrientesdetarde.com\/index.php\/wp-json\/wp\/v2\/categories?post=228450"},{"taxonomy":"post_tag","embeddable":true,"href":"https:\/\/corrientesdetarde.com\/index.php\/wp-json\/wp\/v2\/tags?post=228450"}],"curies":[{"name":"wp","href":"https:\/\/api.w.org\/{rel}","templated":true}]}}