{"id":228453,"date":"2025-09-24T10:00:23","date_gmt":"2025-09-24T13:00:23","guid":{"rendered":"https:\/\/corrientesdetarde.com\/?p=228453"},"modified":"2025-09-24T10:00:25","modified_gmt":"2025-09-24T13:00:25","slug":"andres-calamaro-llega-por-primera-vez-a-resistencia","status":"publish","type":"post","link":"https:\/\/corrientesdetarde.com\/index.php\/espectaculos\/andres-calamaro-llega-por-primera-vez-a-resistencia\/","title":{"rendered":"Andr\u00e9s Calamaro llega por primera vez a Resistencia"},"content":{"rendered":"\n<p>En el marco de su gira &#8220;Agenda 2025 tour&#8221;, el popular m\u00fasico y compositor de rock Andr\u00e9s Calamaro llega a la capital chaque\u00f1a con un espect\u00e1culo que promete emocionar con sus canciones eternas. El recital ser\u00e1 el 7 de noviembre en el Gala Hotel y Convenciones (Ruta Nacional 11 km 1003, Resistencia).<\/p>\n\n\n\n<p>&#8220;El Salm\u00f3n&#8221; recorri\u00f3 ya gran parte de Latinoam\u00e9rica y Europa, en el marco de una extensa gira que tuvo como destinos Brasil, Per\u00fa, Ecuador, Colombia, Irlanda, Espa\u00f1a, Francia, Dinamarca; as\u00ed como varias ciudades de Argentina.<\/p>\n\n\n\n<p>Su gigantesca f\u00e1brica de canciones significa un legado invaluable que atraviesa varias generaciones. Eso sin dudas se respira en cada vivo, en cada show, cuando los temas toman otros matices en nuevas versiones y superan el paso del tiempo volvi\u00e9ndose m\u00e1s fuertes.<\/p>\n\n\n\n<p>Secundado por sus compa\u00f1eros habituales: German Wiedemer, Julia n Kanevsky, Mariano Domi nguez, Andre s Litwin, Brian Figueroa a lo que se suman la fuerza de los vientos de Andr\u00e9s Ollari y Pablo Fortuna y un selecto equipo de profesionales, Andr\u00e9s Calamaro nos prepara para un nuevo repertorio, en movimiento constante y buscando desempolvar aquellas canciones que llevan un tiempo si sonar en vivo, siempre improvisando sobre la marcha en su ya inigualable vida sobre los escenarios.<\/p>\n\n\n\n<p>Ser\u00e1 un espect\u00e1culo ideal para que sus fans del litoral se encuentren con Andr\u00e9s en uno de los recitales del a\u00f1o en la regi\u00f3n. Las entradas se pueden adquirir online a trav\u00e9s de tuentrada.com y en los puntos de ventas oficiales ubicados en Carlos Bisordi Deportes (Pellegrini 148) y en Carlos Bisordi Urbano (Shopping Centenario, Corrientes).<\/p>\n\n\n\n<p><\/p>\n","protected":false},"excerpt":{"rendered":"<p>En el marco de su gira &#8220;Agenda 2025 tour&#8221;, el popular m\u00fasico y compositor de rock Andr\u00e9s Calamaro llega a la capital chaque\u00f1a con un espect\u00e1culo que promete emocionar con&hellip; <\/p>\n","protected":false},"author":3,"featured_media":228458,"comment_status":"closed","ping_status":"open","sticky":false,"template":"","format":"standard","meta":{"footnotes":""},"categories":[19],"tags":[],"class_list":["post-228453","post","type-post","status-publish","format-standard","has-post-thumbnail","hentry","category-espectaculos"],"_links":{"self":[{"href":"https:\/\/corrientesdetarde.com\/index.php\/wp-json\/wp\/v2\/posts\/228453","targetHints":{"allow":["GET"]}}],"collection":[{"href":"https:\/\/corrientesdetarde.com\/index.php\/wp-json\/wp\/v2\/posts"}],"about":[{"href":"https:\/\/corrientesdetarde.com\/index.php\/wp-json\/wp\/v2\/types\/post"}],"author":[{"embeddable":true,"href":"https:\/\/corrientesdetarde.com\/index.php\/wp-json\/wp\/v2\/users\/3"}],"replies":[{"embeddable":true,"href":"https:\/\/corrientesdetarde.com\/index.php\/wp-json\/wp\/v2\/comments?post=228453"}],"version-history":[{"count":1,"href":"https:\/\/corrientesdetarde.com\/index.php\/wp-json\/wp\/v2\/posts\/228453\/revisions"}],"predecessor-version":[{"id":228487,"href":"https:\/\/corrientesdetarde.com\/index.php\/wp-json\/wp\/v2\/posts\/228453\/revisions\/228487"}],"wp:featuredmedia":[{"embeddable":true,"href":"https:\/\/corrientesdetarde.com\/index.php\/wp-json\/wp\/v2\/media\/228458"}],"wp:attachment":[{"href":"https:\/\/corrientesdetarde.com\/index.php\/wp-json\/wp\/v2\/media?parent=228453"}],"wp:term":[{"taxonomy":"category","embeddable":true,"href":"https:\/\/corrientesdetarde.com\/index.php\/wp-json\/wp\/v2\/categories?post=228453"},{"taxonomy":"post_tag","embeddable":true,"href":"https:\/\/corrientesdetarde.com\/index.php\/wp-json\/wp\/v2\/tags?post=228453"}],"curies":[{"name":"wp","href":"https:\/\/api.w.org\/{rel}","templated":true}]}}