{"id":228454,"date":"2025-09-24T10:00:25","date_gmt":"2025-09-24T13:00:25","guid":{"rendered":"https:\/\/corrientesdetarde.com\/?p=228454"},"modified":"2025-09-24T10:00:27","modified_gmt":"2025-09-24T13:00:27","slug":"voces-que-inspiran-la-revista-digital-con-relatos-pedagogicos","status":"publish","type":"post","link":"https:\/\/corrientesdetarde.com\/index.php\/informacion-general\/voces-que-inspiran-la-revista-digital-con-relatos-pedagogicos\/","title":{"rendered":"&#8220;Voces que inspiran&#8221;, la revista digital con relatos pedag\u00f3gicos"},"content":{"rendered":"\n<p>Florencia Grebe, integrante de la Direcci\u00f3n de Planeamiento e Investigaci\u00f3n Educativa, brind\u00f3 detalles sobre la presentaci\u00f3n de este proyecto. La representante de la cartera educativa destac\u00f3 el trabajo de docentes y alumnos en esta iniciativa.<\/p>\n\n\n\n<p>En la ma\u00f1ana de ayer se present\u00f3 una revista digital que contiene 37 narrativas de docentes del nivel secundario. Son experiencias realizadas entre estudiantes que resultar\u00e1n inspiradoras para otros integrantes del sistema educativo. La publicaci\u00f3n no solo contempla las diferentes modalidades del sistema educativo, sino que tambi\u00e9n representa una diversidad de contextos incluyendo experiencias en \u00e1reas como matem\u00e1tica, educaci\u00f3n domiciliaria y hospitalaria, entre otras.<\/p>\n\n\n\n<p>La revista fue dise\u00f1ada en un formato digital e interactivo permitiendo al lector acceder a enlaces de geolocalizaci\u00f3n que ubican las escuelas donde se desarrollaron las experiencias. Tambi\u00e9n se incluyen testimonios en audio, una s\u00edntesis de cada proyecto, y una versi\u00f3n imprimible disponible en la p\u00e1gina web del Ministerio de Educaci\u00f3n, para quienes deseen conservarla en formato f\u00edsico. &#8220;Es una revista digital pensada para ser accesible y din\u00e1mica. La idea es que cualquier docente pueda conocer el lugar, escuchar el relato, y apropiarse de estas experiencias&#8221;, explic\u00f3 Florencia Grebe, integrante de la Direcci\u00f3n de Planeamiento e Investigaci\u00f3n Educativa.<\/p>\n\n\n\n<p>El proyecto fue conducido por la profesora Andrea Gil, integrante del equipo t\u00e9cnico de Planeamiento, quien actualmente se encuentra de licencia por razones de salud. La coordinaci\u00f3n fue acompa\u00f1ada por la licenciada Laura Galli, especialista en documentaci\u00f3n e investigaci\u00f3n pedag\u00f3gica.<\/p>\n\n\n\n<figure class=\"wp-block-image\"><img decoding=\"async\" src=\"https:\/\/www.diarioepoca.com\/content\/bucket\/3\/1450043w380h178c.jpg.webp\" alt=\"\"\/><\/figure>\n\n\n\n<p>Ambas lideraron un trayecto formativo junto a un equipo de tutores, quienes desempe\u00f1aron un rol clave en el acompa\u00f1amiento y asesoramiento de los docentes. &#8220;Los tutores pertenecen tanto a la Direcci\u00f3n de Planeamiento como a la Direcci\u00f3n General del Nivel Secundario. Gracias a ellos se pudo acompa\u00f1ar a los 37 docentes que redactaron sus relatos pedag\u00f3gicos&#8221;, destac\u00f3.<\/p>\n\n\n\n<p>La revista &#8220;Voces que inspiran&#8221; se encuentra disponible en el sitio web oficial del Ministerio de Educaci\u00f3n de Corrientes.<\/p>\n","protected":false},"excerpt":{"rendered":"<p>Florencia Grebe, integrante de la Direcci\u00f3n de Planeamiento e Investigaci\u00f3n Educativa, brind\u00f3 detalles sobre la presentaci\u00f3n de este proyecto. La representante de la cartera educativa destac\u00f3 el trabajo de docentes&hellip; <\/p>\n","protected":false},"author":3,"featured_media":228459,"comment_status":"closed","ping_status":"open","sticky":false,"template":"","format":"standard","meta":{"footnotes":""},"categories":[1],"tags":[],"class_list":["post-228454","post","type-post","status-publish","format-standard","has-post-thumbnail","hentry","category-informacion-general"],"_links":{"self":[{"href":"https:\/\/corrientesdetarde.com\/index.php\/wp-json\/wp\/v2\/posts\/228454","targetHints":{"allow":["GET"]}}],"collection":[{"href":"https:\/\/corrientesdetarde.com\/index.php\/wp-json\/wp\/v2\/posts"}],"about":[{"href":"https:\/\/corrientesdetarde.com\/index.php\/wp-json\/wp\/v2\/types\/post"}],"author":[{"embeddable":true,"href":"https:\/\/corrientesdetarde.com\/index.php\/wp-json\/wp\/v2\/users\/3"}],"replies":[{"embeddable":true,"href":"https:\/\/corrientesdetarde.com\/index.php\/wp-json\/wp\/v2\/comments?post=228454"}],"version-history":[{"count":1,"href":"https:\/\/corrientesdetarde.com\/index.php\/wp-json\/wp\/v2\/posts\/228454\/revisions"}],"predecessor-version":[{"id":228488,"href":"https:\/\/corrientesdetarde.com\/index.php\/wp-json\/wp\/v2\/posts\/228454\/revisions\/228488"}],"wp:featuredmedia":[{"embeddable":true,"href":"https:\/\/corrientesdetarde.com\/index.php\/wp-json\/wp\/v2\/media\/228459"}],"wp:attachment":[{"href":"https:\/\/corrientesdetarde.com\/index.php\/wp-json\/wp\/v2\/media?parent=228454"}],"wp:term":[{"taxonomy":"category","embeddable":true,"href":"https:\/\/corrientesdetarde.com\/index.php\/wp-json\/wp\/v2\/categories?post=228454"},{"taxonomy":"post_tag","embeddable":true,"href":"https:\/\/corrientesdetarde.com\/index.php\/wp-json\/wp\/v2\/tags?post=228454"}],"curies":[{"name":"wp","href":"https:\/\/api.w.org\/{rel}","templated":true}]}}