{"id":228464,"date":"2025-09-24T11:02:02","date_gmt":"2025-09-24T14:02:02","guid":{"rendered":"https:\/\/corrientesdetarde.com\/?p=228464"},"modified":"2025-09-24T11:02:18","modified_gmt":"2025-09-24T14:02:18","slug":"ciclo-de-charlas-en-el-bellas-artes","status":"publish","type":"post","link":"https:\/\/corrientesdetarde.com\/index.php\/cultura\/ciclo-de-charlas-en-el-bellas-artes\/","title":{"rendered":"Ciclo de Charlas en el Bellas Artes"},"content":{"rendered":"\n<p>El Museo Provincial de Bellas Artes &#8220;Dr. Juan Ram\u00f3n Vidal&#8221; ser\u00e1 escenario de una nueva edici\u00f3n de la charla en el marco del &#8220;Cat\u00e1logo Razonado&#8221; de las colecciones de F\u00e9lix Bunge y Octavio G\u00f3mez. La misma ser\u00e1 ma\u00f1ana, a las 20, con entrada gratuita.<\/p>\n\n\n\n<p>En esta ocasi\u00f3n, contaremos con la disertaci\u00f3n del licenciado Hugo Justiniano, quien presentar\u00e1 &#8220;Alrededores&#8221; de Jos\u00e9 Negro. Ser\u00e1 una oportunidad propicia para su sumergirse en el fascinante mundo del arte.<\/p>\n","protected":false},"excerpt":{"rendered":"<p>El Museo Provincial de Bellas Artes &#8220;Dr. Juan Ram\u00f3n Vidal&#8221; ser\u00e1 escenario de una nueva edici\u00f3n de la charla en el marco del &#8220;Cat\u00e1logo Razonado&#8221; de las colecciones de F\u00e9lix&hellip; <\/p>\n","protected":false},"author":3,"featured_media":228469,"comment_status":"closed","ping_status":"open","sticky":false,"template":"","format":"standard","meta":{"footnotes":""},"categories":[15],"tags":[],"class_list":["post-228464","post","type-post","status-publish","format-standard","has-post-thumbnail","hentry","category-cultura"],"_links":{"self":[{"href":"https:\/\/corrientesdetarde.com\/index.php\/wp-json\/wp\/v2\/posts\/228464","targetHints":{"allow":["GET"]}}],"collection":[{"href":"https:\/\/corrientesdetarde.com\/index.php\/wp-json\/wp\/v2\/posts"}],"about":[{"href":"https:\/\/corrientesdetarde.com\/index.php\/wp-json\/wp\/v2\/types\/post"}],"author":[{"embeddable":true,"href":"https:\/\/corrientesdetarde.com\/index.php\/wp-json\/wp\/v2\/users\/3"}],"replies":[{"embeddable":true,"href":"https:\/\/corrientesdetarde.com\/index.php\/wp-json\/wp\/v2\/comments?post=228464"}],"version-history":[{"count":1,"href":"https:\/\/corrientesdetarde.com\/index.php\/wp-json\/wp\/v2\/posts\/228464\/revisions"}],"predecessor-version":[{"id":228497,"href":"https:\/\/corrientesdetarde.com\/index.php\/wp-json\/wp\/v2\/posts\/228464\/revisions\/228497"}],"wp:featuredmedia":[{"embeddable":true,"href":"https:\/\/corrientesdetarde.com\/index.php\/wp-json\/wp\/v2\/media\/228469"}],"wp:attachment":[{"href":"https:\/\/corrientesdetarde.com\/index.php\/wp-json\/wp\/v2\/media?parent=228464"}],"wp:term":[{"taxonomy":"category","embeddable":true,"href":"https:\/\/corrientesdetarde.com\/index.php\/wp-json\/wp\/v2\/categories?post=228464"},{"taxonomy":"post_tag","embeddable":true,"href":"https:\/\/corrientesdetarde.com\/index.php\/wp-json\/wp\/v2\/tags?post=228464"}],"curies":[{"name":"wp","href":"https:\/\/api.w.org\/{rel}","templated":true}]}}