{"id":228466,"date":"2025-09-24T11:02:05","date_gmt":"2025-09-24T14:02:05","guid":{"rendered":"https:\/\/corrientesdetarde.com\/?p=228466"},"modified":"2025-09-24T11:02:08","modified_gmt":"2025-09-24T14:02:08","slug":"mandiyu-confirmo-su-participacion-y-dio-el-paso","status":"publish","type":"post","link":"https:\/\/corrientesdetarde.com\/index.php\/deportes\/mandiyu-confirmo-su-participacion-y-dio-el-paso\/","title":{"rendered":"Mandiy\u00fa confirm\u00f3 su participaci\u00f3n y dio el paso"},"content":{"rendered":"\n<p>El plantel algodonero comenz\u00f3 los preparativos de cara al torneo Regional Federal Amateur 2025\/26 que se inicia a mediados de octubre. Ser\u00e1 el tercer a\u00f1o consecutivo que tomar\u00e1 parte del certamen.<\/p>\n\n\n\n<p>Deportivo Mandiy\u00fa de Corrientes confirm\u00f3 su participaci\u00f3n en el torneo Regional Federal Amateur 2025\/26 y sin demoras, sus jugadores comenzaron con los trabajos de pretemporada, bajo la conducci\u00f3n del entrenador Fabi\u00e1n &#8220;Bocha&#8221; Ponce, que ya fij\u00f3 los objetivos del semestre.<\/p>\n\n\n\n<p>Desde la dirigencia algodonera tomaron la decisi\u00f3n de ser nuevamente parte -por tercer a\u00f1o consecutivo- del certamen nacional, a pesar de que a\u00fan no tienen asegurado el respaldo econ\u00f3mico por parte del Gobierno provincial.<\/p>\n\n\n\n<p>&#8220;En virtud a la din\u00e1mica, al plan trazado a comienzo de a\u00f1o, como as\u00ed tambi\u00e9n por m\u00e9ritos y las ganas, estamos en la posici\u00f3n de seguir este camino y hacer un buen desempe\u00f1o&#8221;, explic\u00f3 un dirigente del club correntino al justificar la postura para que el elenco correntino tenga su tercera participaci\u00f3n consecutiva en el certamen que otorga cuatro ascensos al torneo Federal A, el siguiente escal\u00f3n de competencia del Consejo Federal de AFA.<\/p>\n\n\n\n<p>En cuanto al armado del plantel, Ponce tiene previsto mantener a la mayor\u00eda del plantel que viene de conseguir, esta temporada, los t\u00edtulos del Provincial de la FECOF y el Oficial de la Liga Correntina, respectivamente.<\/p>\n\n\n\n<figure class=\"wp-block-image\"><img decoding=\"async\" src=\"https:\/\/www.diarioepoca.com\/content\/bucket\/7\/1450067w380h178c.jpg.webp\" alt=\"\"\/><\/figure>\n\n\n\n<p>Adem\u00e1s, apuntar\u00eda a reforzar en puestos claves dentro de las posibilidades que el presupuesto le permita.<\/p>\n\n\n\n<p>Por lo pronto, dos jugadores que se sumaron a las practicas son los volantes creativos Julio Montero y Hugo Lugo, quienes ser\u00e1n evaluados por el entrenador de Mandiy\u00fa. En tanto, Jos\u00e9 &#8220;Perrito&#8221; Monz\u00f3n peg\u00f3 la vuelta al Albo tras su paso por Curupay.<\/p>\n\n\n\n<p>De esa manera, Mandiy\u00fa puso en marcha su pretemporada con las ilusiones renovadas y con la expectativa de ser protagonista de un certamen regional, que estar\u00eda comenzando el fin de semana del 18 y 19 de octubre.<\/p>\n","protected":false},"excerpt":{"rendered":"<p>El plantel algodonero comenz\u00f3 los preparativos de cara al torneo Regional Federal Amateur 2025\/26 que se inicia a mediados de octubre. Ser\u00e1 el tercer a\u00f1o consecutivo que tomar\u00e1 parte del&hellip; <\/p>\n","protected":false},"author":3,"featured_media":228470,"comment_status":"closed","ping_status":"open","sticky":false,"template":"","format":"standard","meta":{"footnotes":""},"categories":[4],"tags":[],"class_list":["post-228466","post","type-post","status-publish","format-standard","has-post-thumbnail","hentry","category-deportes"],"_links":{"self":[{"href":"https:\/\/corrientesdetarde.com\/index.php\/wp-json\/wp\/v2\/posts\/228466","targetHints":{"allow":["GET"]}}],"collection":[{"href":"https:\/\/corrientesdetarde.com\/index.php\/wp-json\/wp\/v2\/posts"}],"about":[{"href":"https:\/\/corrientesdetarde.com\/index.php\/wp-json\/wp\/v2\/types\/post"}],"author":[{"embeddable":true,"href":"https:\/\/corrientesdetarde.com\/index.php\/wp-json\/wp\/v2\/users\/3"}],"replies":[{"embeddable":true,"href":"https:\/\/corrientesdetarde.com\/index.php\/wp-json\/wp\/v2\/comments?post=228466"}],"version-history":[{"count":1,"href":"https:\/\/corrientesdetarde.com\/index.php\/wp-json\/wp\/v2\/posts\/228466\/revisions"}],"predecessor-version":[{"id":228493,"href":"https:\/\/corrientesdetarde.com\/index.php\/wp-json\/wp\/v2\/posts\/228466\/revisions\/228493"}],"wp:featuredmedia":[{"embeddable":true,"href":"https:\/\/corrientesdetarde.com\/index.php\/wp-json\/wp\/v2\/media\/228470"}],"wp:attachment":[{"href":"https:\/\/corrientesdetarde.com\/index.php\/wp-json\/wp\/v2\/media?parent=228466"}],"wp:term":[{"taxonomy":"category","embeddable":true,"href":"https:\/\/corrientesdetarde.com\/index.php\/wp-json\/wp\/v2\/categories?post=228466"},{"taxonomy":"post_tag","embeddable":true,"href":"https:\/\/corrientesdetarde.com\/index.php\/wp-json\/wp\/v2\/tags?post=228466"}],"curies":[{"name":"wp","href":"https:\/\/api.w.org\/{rel}","templated":true}]}}