{"id":228491,"date":"2025-09-24T11:02:16","date_gmt":"2025-09-24T14:02:16","guid":{"rendered":"https:\/\/corrientesdetarde.com\/?p=228491"},"modified":"2025-09-24T11:02:26","modified_gmt":"2025-09-24T14:02:26","slug":"impulso-a-autores-corrrentinos","status":"publish","type":"post","link":"https:\/\/corrientesdetarde.com\/index.php\/cultura\/impulso-a-autores-corrrentinos\/","title":{"rendered":"IMPULSO A AUTORES CORRRENTINOS"},"content":{"rendered":"\n<p>Presentaci\u00f3n del libro La desvida de Mario Veloso<br>En el marco del Ciclo Escritores Correntinos, la Vicegobernaci\u00f3n de la Provincia de Corrientes present\u00f3 en la Biblioteca del Palacio Legislativo el libro La desvida, del escritor Mario Veloso.<br>Con iniciativas como el Ciclo Escritores Correntinos, la Vicegobernaci\u00f3n reafirma su compromiso de respaldar a los creadores locales y brindarles un \u00e1mbito de difusi\u00f3n y di\u00e1logo con la comunidad, la actividad, coordinada por la profesora Silvia Pozo, busca un espacio de encuentro entre autores y lectores, destinado a visibilizar y poner en valor la producci\u00f3n literaria local.<br>El autor, de 32 a\u00f1os y nacido en la ciudad de Corrientes, se autodefine como \u201crarista, predicador de lo poco conocido\u201d. Durante la presentaci\u00f3n comparti\u00f3 con el p\u00fablico su experiencia creativa y reflexion\u00f3 sobre el contenido de su obra:<br>\u201cEl lector se va a encontrar con un lenguaje cercano, con miedos mundanos que todos sentimos, aunque nunca pensamos que se puedan volver realidad. Tambi\u00e9n con personajes imperfectos que buscan resolver asuntos pendientes, como todos tenemos\u201d, expres\u00f3 Veloso.<br>Con una trayectoria marcada por la autogesti\u00f3n, Veloso lleva cuatro libros publicados \u2014todos editados y dise\u00f1ados por \u00e9l mismo\u2014 adem\u00e1s de haber incursionado en audiolibros con formato de radioteatro. \u201cNo estoy seguro de qu\u00e9 es lo que me inspira. Escribo desde que tengo memoria. Me gusta plasmar mis ideas y darles infinitud, hacer que dejen de ser ef\u00edmeras\u201d, se\u00f1al\u00f3.<br>La novela presenta la historia de Antonio, un \u201csex symbol\u201d que, cansado del estilo de vida de fiestas y exposici\u00f3n, comienza a experimentar un deterioro f\u00edsico cada vez que duerme. Para revertirlo deber\u00e1 enfrentarse a su traum\u00e1tico pasado, acompa\u00f1ado por Andrea, su primera ex novia. La contratapa sintetiza la filosof\u00eda del personaje con una frase contundente: \u201cLa vida es demasiado corta y demasiado larga como para pasarla junto a una misma persona\u201d.<\/p>\n","protected":false},"excerpt":{"rendered":"<p>Presentaci\u00f3n del libro La desvida de Mario VelosoEn el marco del Ciclo Escritores Correntinos, la Vicegobernaci\u00f3n de la Provincia de Corrientes present\u00f3 en la Biblioteca del Palacio Legislativo el libro&hellip; <\/p>\n","protected":false},"author":3,"featured_media":228492,"comment_status":"closed","ping_status":"open","sticky":false,"template":"","format":"standard","meta":{"footnotes":""},"categories":[15],"tags":[],"class_list":["post-228491","post","type-post","status-publish","format-standard","has-post-thumbnail","hentry","category-cultura"],"_links":{"self":[{"href":"https:\/\/corrientesdetarde.com\/index.php\/wp-json\/wp\/v2\/posts\/228491","targetHints":{"allow":["GET"]}}],"collection":[{"href":"https:\/\/corrientesdetarde.com\/index.php\/wp-json\/wp\/v2\/posts"}],"about":[{"href":"https:\/\/corrientesdetarde.com\/index.php\/wp-json\/wp\/v2\/types\/post"}],"author":[{"embeddable":true,"href":"https:\/\/corrientesdetarde.com\/index.php\/wp-json\/wp\/v2\/users\/3"}],"replies":[{"embeddable":true,"href":"https:\/\/corrientesdetarde.com\/index.php\/wp-json\/wp\/v2\/comments?post=228491"}],"version-history":[{"count":1,"href":"https:\/\/corrientesdetarde.com\/index.php\/wp-json\/wp\/v2\/posts\/228491\/revisions"}],"predecessor-version":[{"id":228498,"href":"https:\/\/corrientesdetarde.com\/index.php\/wp-json\/wp\/v2\/posts\/228491\/revisions\/228498"}],"wp:featuredmedia":[{"embeddable":true,"href":"https:\/\/corrientesdetarde.com\/index.php\/wp-json\/wp\/v2\/media\/228492"}],"wp:attachment":[{"href":"https:\/\/corrientesdetarde.com\/index.php\/wp-json\/wp\/v2\/media?parent=228491"}],"wp:term":[{"taxonomy":"category","embeddable":true,"href":"https:\/\/corrientesdetarde.com\/index.php\/wp-json\/wp\/v2\/categories?post=228491"},{"taxonomy":"post_tag","embeddable":true,"href":"https:\/\/corrientesdetarde.com\/index.php\/wp-json\/wp\/v2\/tags?post=228491"}],"curies":[{"name":"wp","href":"https:\/\/api.w.org\/{rel}","templated":true}]}}