{"id":228502,"date":"2025-09-24T16:20:00","date_gmt":"2025-09-24T19:20:00","guid":{"rendered":"https:\/\/corrientesdetarde.com\/?p=228502"},"modified":"2025-09-24T16:46:08","modified_gmt":"2025-09-24T19:46:08","slug":"tulipanero-africano-la-especie-que-amenaza-a-las-abejas","status":"publish","type":"post","link":"https:\/\/corrientesdetarde.com\/index.php\/actualidad\/tulipanero-africano-la-especie-que-amenaza-a-las-abejas\/","title":{"rendered":"Tulipanero Africano, la especie que amenaza a las abejas."},"content":{"rendered":"\n<h2 class=\"wp-block-heading\">Tras un estudio impulsado por investigadores de la Universidad Nacional del Nordeste (UNNE) y del CONICET se puso en marcha el proyecto de relevamiento del tulipanero africano, \u00e1rbol cuyo n\u00e9ctar causa mortalidad en abejas y otros insectos polinizadores. Este \u00e1rbol se encuentra dentro de las 100 especies ex\u00f3ticas invasoras m\u00e1s da\u00f1inas del mundo.\u00a0<\/h2>\n\n\n\n<p>Los expertos expresaron que \u201cnecesitamos la colaboraci\u00f3n de la sociedad para conocer la distribuci\u00f3n y ecolog\u00eda de esta especie, y contribuir a definir pautas sustentables de manejo&#8221;.&nbsp;<\/p>\n\n\n\n<p>Aquellos que identifiquen la presencia de un ejemplar de este \u00e1rbol deber\u00e1n completar un breve formulario de Google, con registro fotogr\u00e1fico, la ubicaci\u00f3n y fecha en la que fue observado tama\u00f1o estimado, entre otros aspectos.&nbsp;<strong>El formulario se encuentra en redes sociales en la cuenta de @tulipaneroafricano.&nbsp;&nbsp;<\/strong><\/p>\n\n\n\n<p>Con este relevamiento buscan conocer c\u00f3mo var\u00eda el estado de floraci\u00f3n del Tulipanero a lo largo del a\u00f1o, mapear su ubicaci\u00f3n en diferentes ciudades argentinas e identificar posibles polinizadores y visitantes florales.<\/p>\n\n\n\n<p>El proyecto se desarrolla en el marco del plan de doctorado de la Lic. Florencia Ayala (Facultad de Ciencias Exactas y Naturales y Agrimensura de la UNNE\u201d FaCENA\u201d y CONICET)) bajo la codirecci\u00f3n del Dr. Rodrigo Cajade (FaCENA-UNNE\/CONICET), la direcci\u00f3n del Dr. Juan Pablo Torretta (Facultad de Agronom\u00eda, UBA) y la subdirecci\u00f3n del Dr. Ad\u00e1n \u00c1valos (Instituto de Bot\u00e1nica del Nordeste \u201cIBONE\u201d, CONICET-UNNE).<\/p>\n\n\n\n<p><strong>Santa Ana de los Gu\u00e1caras prohibi\u00f3 la plantaci\u00f3n y producci\u00f3n del tulipanero africano&nbsp;<\/strong><\/p>\n\n\n\n<p>La localidad de Santa Ana de los Gu\u00e1caras, a trav\u00e9s de su Concejo Deliberante, prohibi\u00f3 la producci\u00f3n, comercializaci\u00f3n y transporte del Tulipanero Africano. Adem\u00e1s, la ordenanza establece un plan de erradicaci\u00f3n y proponen reemplazar los ejemplares actuales por especies aut\u00f3ctonas.<\/p>\n","protected":false},"excerpt":{"rendered":"<p>Tras un estudio impulsado por investigadores de la Universidad Nacional del Nordeste (UNNE) y del CONICET se puso en marcha el proyecto de relevamiento del tulipanero africano, \u00e1rbol cuyo n\u00e9ctar&hellip; <\/p>\n","protected":false},"author":6,"featured_media":228509,"comment_status":"closed","ping_status":"open","sticky":false,"template":"","format":"standard","meta":{"footnotes":""},"categories":[23],"tags":[],"class_list":["post-228502","post","type-post","status-publish","format-standard","has-post-thumbnail","hentry","category-actualidad"],"_links":{"self":[{"href":"https:\/\/corrientesdetarde.com\/index.php\/wp-json\/wp\/v2\/posts\/228502","targetHints":{"allow":["GET"]}}],"collection":[{"href":"https:\/\/corrientesdetarde.com\/index.php\/wp-json\/wp\/v2\/posts"}],"about":[{"href":"https:\/\/corrientesdetarde.com\/index.php\/wp-json\/wp\/v2\/types\/post"}],"author":[{"embeddable":true,"href":"https:\/\/corrientesdetarde.com\/index.php\/wp-json\/wp\/v2\/users\/6"}],"replies":[{"embeddable":true,"href":"https:\/\/corrientesdetarde.com\/index.php\/wp-json\/wp\/v2\/comments?post=228502"}],"version-history":[{"count":1,"href":"https:\/\/corrientesdetarde.com\/index.php\/wp-json\/wp\/v2\/posts\/228502\/revisions"}],"predecessor-version":[{"id":228512,"href":"https:\/\/corrientesdetarde.com\/index.php\/wp-json\/wp\/v2\/posts\/228502\/revisions\/228512"}],"wp:featuredmedia":[{"embeddable":true,"href":"https:\/\/corrientesdetarde.com\/index.php\/wp-json\/wp\/v2\/media\/228509"}],"wp:attachment":[{"href":"https:\/\/corrientesdetarde.com\/index.php\/wp-json\/wp\/v2\/media?parent=228502"}],"wp:term":[{"taxonomy":"category","embeddable":true,"href":"https:\/\/corrientesdetarde.com\/index.php\/wp-json\/wp\/v2\/categories?post=228502"},{"taxonomy":"post_tag","embeddable":true,"href":"https:\/\/corrientesdetarde.com\/index.php\/wp-json\/wp\/v2\/tags?post=228502"}],"curies":[{"name":"wp","href":"https:\/\/api.w.org\/{rel}","templated":true}]}}