{"id":228504,"date":"2025-09-24T16:00:00","date_gmt":"2025-09-24T19:00:00","guid":{"rendered":"https:\/\/corrientesdetarde.com\/?p=228504"},"modified":"2025-09-24T16:35:43","modified_gmt":"2025-09-24T19:35:43","slug":"un-hombre-murio-tras-ser-apunalado-por-su-hermano-en-una-discusion","status":"publish","type":"post","link":"https:\/\/corrientesdetarde.com\/index.php\/policiales\/un-hombre-murio-tras-ser-apunalado-por-su-hermano-en-una-discusion\/","title":{"rendered":"Un hombre muri\u00f3 tras ser apu\u00f1alado por su hermano en una discusi\u00f3n."},"content":{"rendered":"\n<h2 class=\"wp-block-heading\">Un hombre de 34 a\u00f1os perdi\u00f3 la vida tras recibir varias pu\u00f1aladas durante una pelea con su hermano en una vivienda de la capital correntina.<\/h2>\n\n\n\n<p>Un hombre de 34 a\u00f1os muri\u00f3 en la madrugada de este mi\u00e9rcoles tras recibir varias pu\u00f1aladas durante una violenta discusi\u00f3n con su hermano menor en una vivienda de la capital. La v\u00edctima hab\u00eda salido de la c\u00e1rcel hace pocas semanas.<\/p>\n\n\n\n<p>El hecho ocurri\u00f3 cerca de las 5 de la ma\u00f1ana en la intersecci\u00f3n de las calles Calingasta y Pasaynd\u00fa. De acuerdo con las primeras informaciones, ambos hermanos hab\u00edan estado consumiendo alcohol cuando una discusi\u00f3n deriv\u00f3 en una pelea que termin\u00f3 con la agresi\u00f3n fatal. El atacante, de 30 a\u00f1os, hiri\u00f3 de muerte a su hermano mayor con varias pu\u00f1aladas en el pecho.<\/p>\n\n\n\n<p>La madre de los involucrados, en estado de conmoci\u00f3n, cont\u00f3 a la Polic\u00eda que vio a su hijo tendido en el patio delantero con heridas compatibles con puntazos. Al lugar acudieron efectivos policiales, peritos y el m\u00e9dico de turno, adem\u00e1s de personal de la Divisi\u00f3n de Investigaci\u00f3n Criminal (DIC).<\/p>\n\n\n\n<p>La fiscal de la UFIC N\u00b08, Dra. Ibarra, dispuso las diligencias correspondientes y orden\u00f3 el traslado del cuerpo a la morgue para la autopsia. Mientras tanto, el hermano acusado de la agresi\u00f3n qued\u00f3 detenido y ser\u00e1 indagado en las pr\u00f3ximas horas.<\/p>\n","protected":false},"excerpt":{"rendered":"<p>Un hombre de 34 a\u00f1os perdi\u00f3 la vida tras recibir varias pu\u00f1aladas durante una pelea con su hermano en una vivienda de la capital correntina. Un hombre de 34 a\u00f1os&hellip; <\/p>\n","protected":false},"author":6,"featured_media":228505,"comment_status":"closed","ping_status":"open","sticky":false,"template":"","format":"standard","meta":{"footnotes":""},"categories":[33],"tags":[],"class_list":["post-228504","post","type-post","status-publish","format-standard","has-post-thumbnail","hentry","category-policiales"],"_links":{"self":[{"href":"https:\/\/corrientesdetarde.com\/index.php\/wp-json\/wp\/v2\/posts\/228504","targetHints":{"allow":["GET"]}}],"collection":[{"href":"https:\/\/corrientesdetarde.com\/index.php\/wp-json\/wp\/v2\/posts"}],"about":[{"href":"https:\/\/corrientesdetarde.com\/index.php\/wp-json\/wp\/v2\/types\/post"}],"author":[{"embeddable":true,"href":"https:\/\/corrientesdetarde.com\/index.php\/wp-json\/wp\/v2\/users\/6"}],"replies":[{"embeddable":true,"href":"https:\/\/corrientesdetarde.com\/index.php\/wp-json\/wp\/v2\/comments?post=228504"}],"version-history":[{"count":1,"href":"https:\/\/corrientesdetarde.com\/index.php\/wp-json\/wp\/v2\/posts\/228504\/revisions"}],"predecessor-version":[{"id":228506,"href":"https:\/\/corrientesdetarde.com\/index.php\/wp-json\/wp\/v2\/posts\/228504\/revisions\/228506"}],"wp:featuredmedia":[{"embeddable":true,"href":"https:\/\/corrientesdetarde.com\/index.php\/wp-json\/wp\/v2\/media\/228505"}],"wp:attachment":[{"href":"https:\/\/corrientesdetarde.com\/index.php\/wp-json\/wp\/v2\/media?parent=228504"}],"wp:term":[{"taxonomy":"category","embeddable":true,"href":"https:\/\/corrientesdetarde.com\/index.php\/wp-json\/wp\/v2\/categories?post=228504"},{"taxonomy":"post_tag","embeddable":true,"href":"https:\/\/corrientesdetarde.com\/index.php\/wp-json\/wp\/v2\/tags?post=228504"}],"curies":[{"name":"wp","href":"https:\/\/api.w.org\/{rel}","templated":true}]}}