{"id":228510,"date":"2025-09-24T16:30:00","date_gmt":"2025-09-24T19:30:00","guid":{"rendered":"https:\/\/corrientesdetarde.com\/?p=228510"},"modified":"2025-09-24T16:50:44","modified_gmt":"2025-09-24T19:50:44","slug":"milei-le-exigio-a-venezuela-que-libere-al-gendarme-nahuel-gallo-en-su-discurso-en-la-onu","status":"publish","type":"post","link":"https:\/\/corrientesdetarde.com\/index.php\/politica\/milei-le-exigio-a-venezuela-que-libere-al-gendarme-nahuel-gallo-en-su-discurso-en-la-onu\/","title":{"rendered":"Milei le exigi\u00f3 a Venezuela que libere al gendarme Nahuel Gallo en su discurso en la ONU."},"content":{"rendered":"\n<h2 class=\"wp-block-heading\">El Presidente asegur\u00f3 que el gobierno de Maduro realiz\u00f3 \u201cuna desaparici\u00f3n forzosa\u201d. Adem\u00e1s, reiter\u00f3 el reclamo sobre las Islas Malvinas. En un gesto a Trump, volvi\u00f3 a lanzar duras cr\u00edticas contra el organismo multilateral: \u201cSon bur\u00f3cratas internacionales\u201d.<\/h2>\n\n\n\n<p>En su exposici\u00f3n en la Asamblea General de la Organizaci\u00f3n de las Naciones Unidas (ONU),\u00a0<strong>Javier Milei le exigi\u00f3 a Venezuela que libere al gendarme argentino Nahuel Gallo<\/strong>. Adem\u00e1s, cuestion\u00f3 con dureza a Nicol\u00e1s Maduro.<\/p>\n\n\n\n<p>El Presidente advirti\u00f3 sobre \u201cla situaci\u00f3n del ciudadano argentino Nahuel Gallo, secuestrado y detenido de manera arbitraria en Venezuela, sin imputaci\u00f3n, sin asistencia legal ni consular. En palabras simples:\u00a0<strong>una desaparici\u00f3n forzosa<\/strong>\u201d. El gendarme se encuentra<strong>\u00a0detenido desde el 8 de diciembre del 2024<\/strong>.<\/p>\n\n\n\n<p>Milei le exigi\u00f3 al gobierno de Maduro su inmediata liberaci\u00f3n e hizo un llamado a la comunidad internacional \u201cpara que acompa\u00f1e este reclamo leg\u00edtimo,&nbsp;<strong>en defensa de los principios m\u00e1s b\u00e1sicos del derecho internacional&nbsp;<\/strong>y de la dignidad humana\u201d.<\/p>\n\n\n\n<p>En otro tramo de su discurso, y en sinton\u00eda con su par de Estados Unidos, Donald Trump, el Presidente volvi\u00f3 a lanzar duras cr\u00edticas contra la ONU:&nbsp;<strong>\u201cSon bur\u00f3cratas internacionales\u201d<\/strong>. Tambi\u00e9n le&nbsp;<strong>reclam\u00f3 a Reino Unido por las Islas Malvinas<\/strong>.<\/p>\n\n\n\n<p>El mandatario libertario reafirm\u00f3 que su gesti\u00f3n no acompa\u00f1ar\u00e1 \u201cnunca el cercenamiento de libertades individuales, comerciales, ni la violaci\u00f3n de los derechos naturales de los ciudadanos de los estados miembro\u201d.<\/p>\n\n\n\n<h2 class=\"wp-block-heading\">Las cr\u00edticas a la ONU<\/h2>\n\n\n\n<p>Seg\u00fan expuso Milei, \u201clos dirigentes prefieren hacer todo lo que est\u00e1 a su alcance para mantener el statu quo heredado aunque sea a costa de las consecuencias futuras\u201d.&nbsp;<strong>\u201cIncendian el futuro, para mantener caliente el presente\u201d<\/strong>, asegur\u00f3.<\/p>\n\n\n\n<p>Asimismo, el mandatario rechaz\u00f3 la violaci\u00f3n del principio de \u201cla igualdad ante la ley\u201d y la apertura \u201ca la<strong>&nbsp;inmigraci\u00f3n indiscriminada por razones pol\u00edticas\u201d, la que calific\u00f3 de invasi\u00f3n<\/strong>, y responsabiliz\u00f3 a los organismos de cooperaci\u00f3n internacional -a la ONU entre ellos-, por las problem\u00e1ticas mencionadas.<\/p>\n\n\n\n<p>\u201cCon el correr de los a\u00f1os, esta organizaci\u00f3n ha ido adquiriendo funciones ajenas a su esp\u00edritu fundacional. Ha ido creando una&nbsp;<strong>hipertrofia de administraciones que son poco efectivas a la hora de resolver los problemas<\/strong>\u201d, denunci\u00f3 el libertario, y enumer\u00f3: \u201cAs\u00ed se engrosan las responsabilidades de la ONU y los aportes recibidos por parte de las naciones miembros, y&nbsp;<strong>se redujeron los resultados<\/strong>\u201d.<\/p>\n\n\n\n<p>Ante la mirada atenta de los jefes de Estado, Milei denunci\u00f3 que \u201cen las organizaciones internacionales&nbsp;<strong>nadie rinde verdaderamente cuentas por fallar en la resoluci\u00f3n de un problema<\/strong>\u201d, y&nbsp;<strong>expuso los \u201cmalos resultados\u201d de la agenda 2030.<\/strong><\/p>\n\n\n\n<p>\u201cEs mi deber advertir contra este mal porque en la Argentina lo vivimos hasta su consecuencia natural. Llegamos al final del c\u00f3modo camino al que conduce desentenderse del futuro.&nbsp;<strong>Venimos de un futuro que, para ustedes, a\u00fan no ha terminado de llegar<\/strong>. Y quiero decirles que est\u00e1n a tiempo de evitarlo\u201d, alert\u00f3 Milei.<\/p>\n\n\n\n<p><\/p>\n","protected":false},"excerpt":{"rendered":"<p>El Presidente asegur\u00f3 que el gobierno de Maduro realiz\u00f3 \u201cuna desaparici\u00f3n forzosa\u201d. Adem\u00e1s, reiter\u00f3 el reclamo sobre las Islas Malvinas. En un gesto a Trump, volvi\u00f3 a lanzar duras cr\u00edticas&hellip; <\/p>\n","protected":false},"author":6,"featured_media":228514,"comment_status":"closed","ping_status":"open","sticky":false,"template":"","format":"standard","meta":{"footnotes":""},"categories":[3],"tags":[],"class_list":["post-228510","post","type-post","status-publish","format-standard","has-post-thumbnail","hentry","category-politica"],"_links":{"self":[{"href":"https:\/\/corrientesdetarde.com\/index.php\/wp-json\/wp\/v2\/posts\/228510","targetHints":{"allow":["GET"]}}],"collection":[{"href":"https:\/\/corrientesdetarde.com\/index.php\/wp-json\/wp\/v2\/posts"}],"about":[{"href":"https:\/\/corrientesdetarde.com\/index.php\/wp-json\/wp\/v2\/types\/post"}],"author":[{"embeddable":true,"href":"https:\/\/corrientesdetarde.com\/index.php\/wp-json\/wp\/v2\/users\/6"}],"replies":[{"embeddable":true,"href":"https:\/\/corrientesdetarde.com\/index.php\/wp-json\/wp\/v2\/comments?post=228510"}],"version-history":[{"count":1,"href":"https:\/\/corrientesdetarde.com\/index.php\/wp-json\/wp\/v2\/posts\/228510\/revisions"}],"predecessor-version":[{"id":228515,"href":"https:\/\/corrientesdetarde.com\/index.php\/wp-json\/wp\/v2\/posts\/228510\/revisions\/228515"}],"wp:featuredmedia":[{"embeddable":true,"href":"https:\/\/corrientesdetarde.com\/index.php\/wp-json\/wp\/v2\/media\/228514"}],"wp:attachment":[{"href":"https:\/\/corrientesdetarde.com\/index.php\/wp-json\/wp\/v2\/media?parent=228510"}],"wp:term":[{"taxonomy":"category","embeddable":true,"href":"https:\/\/corrientesdetarde.com\/index.php\/wp-json\/wp\/v2\/categories?post=228510"},{"taxonomy":"post_tag","embeddable":true,"href":"https:\/\/corrientesdetarde.com\/index.php\/wp-json\/wp\/v2\/tags?post=228510"}],"curies":[{"name":"wp","href":"https:\/\/api.w.org\/{rel}","templated":true}]}}