{"id":228584,"date":"2025-09-25T09:11:54","date_gmt":"2025-09-25T12:11:54","guid":{"rendered":"https:\/\/corrientesdetarde.com\/?p=228584"},"modified":"2025-09-25T09:12:10","modified_gmt":"2025-09-25T12:12:10","slug":"la-pelea-entre-dos-hermanos-finalizo-de-forma-tragica","status":"publish","type":"post","link":"https:\/\/corrientesdetarde.com\/index.php\/crimen-y-justicia\/la-pelea-entre-dos-hermanos-finalizo-de-forma-tragica\/","title":{"rendered":"La pelea entre dos hermanos finaliz\u00f3 de forma tr\u00e1gica\u00a0"},"content":{"rendered":"\n<p>La pelea entre dos hermanos finaliz\u00f3 de forma tr\u00e1gica ayer en la vivienda donde estaba la madre de ambos, en la zona sur de la capital provincial. Uno de ellos atac\u00f3 a su familiar con un cuchillo, asest\u00e1ndole un puntazo en el pecho y cortes en ambos brazos. Despu\u00e9s de cometer el fratricidio huy\u00f3 caminando.<\/p>\n\n\n\n<p><\/p>\n\n\n\n<p>El crimen tuvo como v\u00edctima a la persona identificada como Mat\u00edas Daniel Osuna, de 35 a\u00f1os, y el autor, seg\u00fan la pesquisa iniciada por la Polic\u00eda, ser\u00eda Andr\u00e9s Osuna, alias &#8220;Yiy\u00edn&#8221;, de 31 a\u00f1os.<\/p>\n\n\n\n<p>La fuerza de seguridad trabajaba en distintos procedimientos para concretar la detenci\u00f3n del sospechoso.<\/p>\n\n\n\n<p>De acuerdo a la informaci\u00f3n conocida por diario \u00e9poca, a las 4:45 un llamado telef\u00f3nico al sistema de emergencias 911 alert\u00f3 sobre una pelea.<\/p>\n\n\n\n<p>En la comunicaci\u00f3n el testigo realizada el pedido desesperado de una ambulancia porque un hombre estaba herido a pu\u00f1aladas, muri\u00e9ndose en el patio de su casa en la zona sur de la capital provincial.<\/p>\n\n\n\n<p>Primero llegaron efectivos de la comisar\u00eda seccional S\u00e9ptima y poco m\u00e1s tarde personal de la Direcci\u00f3n de Emergencias M\u00e9dicas, quien constat\u00f3 que la v\u00edctima de las lesiones hab\u00eda muerto.<\/p>\n\n\n\n<p>Junto al cuerpo de Mat\u00edas estaba su madre, una se\u00f1ora que dio algunos detalles en medio de una situaci\u00f3n tensa y cargada de dolor.<\/p>\n\n\n\n<p>Los hechos ocurrieron frente a un domicilio de la calle Calingasta casi avenida Paysand\u00fa del barrio General San Mart\u00edn, confirmaron fuentes oficiales.<\/p>\n\n\n\n<p>Como consecuencia de una discusi\u00f3n previa ambos hermanos protagonizaron una pelea a golpes junto a la vereda, hasta que &#8220;Yiy\u00edn&#8221; tom\u00f3 un arma blanca y agredi\u00f3 a Mat\u00edas.<\/p>\n\n\n\n<p>Los m\u00e9dicos constataron que el puntazo mortal fue en el t\u00f3rax a la altura del coraz\u00f3n.<\/p>\n\n\n\n<p>Las autoridades encontraron a la persona lesionada sobre el piso del patio delantero, apenas un paso adentro del umbral de un port\u00f3n.<\/p>\n\n\n\n<p>El hombre que vest\u00eda remera gris y un pantal\u00f3n deportivo de igual color hab\u00eda perdido una importante cantidad de sangre.<\/p>\n\n\n\n<p>Despu\u00e9s de obtener los primeros datos, los efectivos comenzaron a buscar en los alrededores al hermano de Mat\u00edas. Sin embargo, hab\u00eda escapado de la zona, primero a pie y despu\u00e9s, presuntamente, sobre una motocicleta.<\/p>\n\n\n\n<p>La Unidad Fiscal de Investigaciones Concretas a cargo de Silvia Gabriela Ibarra tom\u00f3 parte en la causa caratulada como un &#8220;supuesto homicidio calificado&#8221; por el v\u00ednculo.<\/p>\n\n\n\n<p>En el escenario del fratricidio trabajaron integrantes del gabinete de Pericias Cient\u00edficas.<\/p>\n\n\n\n<p>El cad\u00e1ver de Osuna fue llevado con posterioridad al Instituto M\u00e9dico Forense para los estudios correspondientes.<\/p>\n\n\n\n<p>La Direcci\u00f3n de Investigaci\u00f3n Criminal recibi\u00f3 los informes y colaboraba en forma directa para las pesquisas posteriores, sumado a los procedimientos tendientes a localizar y detener al sindicado responsable del delito.<\/p>\n\n\n\n<h2 class=\"wp-block-heading\">Prontuario<\/h2>\n\n\n\n<p>Mat\u00edas Osuna contaba con prontuario delictivo y un caso que lo tuvo como imputado ocurri\u00f3 en agosto del a\u00f1o pasado cuando protagoniz\u00f3 un enfrentamiento a tiros, palazos y botellazos con un t\u00edo.<\/p>\n\n\n\n<p>La pelea se produjo en el play\u00f3n de estacionamiento de un complejo de edificios frente a la avenida Paysand\u00fa, entre las calles Cosqu\u00edn y Rafaela.<\/p>\n\n\n\n<p>Como consecuencia de aquel incidente a plena luz del d\u00eda, Hugo Orlando (43) result\u00f3 herido de bala en una pierna.<\/p>\n\n\n\n<p>La ri\u00f1a se desarroll\u00f3 justo cuando pasaba a pocos metros una mujer con su beb\u00e9 en un changuito.<\/p>\n\n\n\n<p>Durante dos minutos hubo una serie de corridas y mientras Mat\u00edas esgrim\u00eda un arma de fuego de pu\u00f1o, su t\u00edo y un segundo contrincante lo enfrentaban con objetos contundentes. Toda la ri\u00f1a callejera fue captada mediante una c\u00e1mara de seguridad.<\/p>\n\n\n\n<p>En aquella oportunidad los vecinos quedaron muy alarmados ante el grado de violencia. Adem\u00e1s, el propietario de un autom\u00f3vil estacionado en el play\u00f3n del lugar denunci\u00f3 p\u00fablicamente que hab\u00edan da\u00f1ado su veh\u00edculo.<\/p>\n\n\n\n<p>El hombre que muri\u00f3 ayer tuvo problemas de consumo de sustancias prohibidas; inconvenientes legales debido a delitos &#8220;menores&#8221; y era habitual que se juntara con grupos de amigos a ingerir bebidas alcoh\u00f3licas frente a su casa.<\/p>\n","protected":false},"excerpt":{"rendered":"<p>La pelea entre dos hermanos finaliz\u00f3 de forma tr\u00e1gica ayer en la vivienda donde estaba la madre de ambos, en la zona sur de la capital provincial. Uno de ellos&hellip; <\/p>\n","protected":false},"author":1,"featured_media":228590,"comment_status":"closed","ping_status":"open","sticky":false,"template":"","format":"standard","meta":{"footnotes":""},"categories":[5],"tags":[],"class_list":["post-228584","post","type-post","status-publish","format-standard","has-post-thumbnail","hentry","category-crimen-y-justicia"],"_links":{"self":[{"href":"https:\/\/corrientesdetarde.com\/index.php\/wp-json\/wp\/v2\/posts\/228584","targetHints":{"allow":["GET"]}}],"collection":[{"href":"https:\/\/corrientesdetarde.com\/index.php\/wp-json\/wp\/v2\/posts"}],"about":[{"href":"https:\/\/corrientesdetarde.com\/index.php\/wp-json\/wp\/v2\/types\/post"}],"author":[{"embeddable":true,"href":"https:\/\/corrientesdetarde.com\/index.php\/wp-json\/wp\/v2\/users\/1"}],"replies":[{"embeddable":true,"href":"https:\/\/corrientesdetarde.com\/index.php\/wp-json\/wp\/v2\/comments?post=228584"}],"version-history":[{"count":1,"href":"https:\/\/corrientesdetarde.com\/index.php\/wp-json\/wp\/v2\/posts\/228584\/revisions"}],"predecessor-version":[{"id":228592,"href":"https:\/\/corrientesdetarde.com\/index.php\/wp-json\/wp\/v2\/posts\/228584\/revisions\/228592"}],"wp:featuredmedia":[{"embeddable":true,"href":"https:\/\/corrientesdetarde.com\/index.php\/wp-json\/wp\/v2\/media\/228590"}],"wp:attachment":[{"href":"https:\/\/corrientesdetarde.com\/index.php\/wp-json\/wp\/v2\/media?parent=228584"}],"wp:term":[{"taxonomy":"category","embeddable":true,"href":"https:\/\/corrientesdetarde.com\/index.php\/wp-json\/wp\/v2\/categories?post=228584"},{"taxonomy":"post_tag","embeddable":true,"href":"https:\/\/corrientesdetarde.com\/index.php\/wp-json\/wp\/v2\/tags?post=228584"}],"curies":[{"name":"wp","href":"https:\/\/api.w.org\/{rel}","templated":true}]}}