{"id":228602,"date":"2025-09-25T13:34:45","date_gmt":"2025-09-25T16:34:45","guid":{"rendered":"https:\/\/corrientesdetarde.com\/?p=228602"},"modified":"2025-09-25T13:34:50","modified_gmt":"2025-09-25T16:34:50","slug":"se-inauguraron-en-corrientes-las-xxx-jornadas-nacionales-de-derecho-civil","status":"publish","type":"post","link":"https:\/\/corrientesdetarde.com\/index.php\/eventos\/se-inauguraron-en-corrientes-las-xxx-jornadas-nacionales-de-derecho-civil\/","title":{"rendered":"Se inauguraron en Corrientes las XXX Jornadas Nacionales de Derecho Civil"},"content":{"rendered":"\n<p>Con un acto oficial realizado en la ma\u00f1ana de este jueves en el Centro de Convenciones de la Provincia, quedaron formalmente inauguradas las XXX Jornadas Nacionales de Derecho Civil, conmemorando los 10 a\u00f1os de la entrada en vigor del C\u00f3digo Civil y Comercial de la Naci\u00f3n. El evento re\u00fane a destacados juristas de todo el pa\u00eds para debatir y reflexionar sobre el estado actual y el futuro del derecho privado argentino.<br>La apertura cont\u00f3 con la presencia del Gobernador Gustavo Vald\u00e9s, el Vicegobernador Pedro Braillard Poccard, Ministro de la Corte Suprema de Justicia de la Naci\u00f3n, Dr. Ricardo Luis Lorenzetti, Rector de la UNNE, Dr. Omar Larrosa, Decano de la Facultad de Derecho (UNNE) Mario Villegas, Presidente de las Jornadas, Dr. Ricardo Danuzzo y la Dra. A\u00edda Kemelmajer, ex ministra de la Suprema Corte de Justicia de Mendoza, integrante de la Comisi\u00f3n Redactora del C\u00f3digo Civil y Comercial Argentino.<br>Las palabras de bienvenida estuvieron a cargo del decano de la Facultad de Derecho, Prof. Dr. Mario R. Villegas; seguidas por el discurso del presidente de las Jornadas, Prof. Dr. Ricardo S. Danuzzo, y el mensaje institucional del rector de la UNNE, Prof. Dr. Omar Larrosa.<br>El gobernador Vald\u00e9s, a su vez, destac\u00f3 que la tarea del legislador consiste en tomar el pensamiento jur\u00eddico y transformarlo en normas que regulen la convivencia en sociedad. En ese sentido, defendi\u00f3 la centralidad del factor humano en la construcci\u00f3n del Derecho y se mostr\u00f3 esc\u00e9ptico ante las posturas que sostienen que herramientas como la inteligencia artificial podr\u00edan reemplazar el razonamiento jur\u00eddico. A su vez, consider\u00f3 que las jornadas acad\u00e9micas son espacios fundamentales para pensar en conjunto y generar pautas que puedan ser transformadas en leyes.<br>Desde su primera edici\u00f3n en 1963, estas jornadas han sido un foro cient\u00edfico clave para el debate jur\u00eddico y la formulaci\u00f3n de conclusiones que influyen en las decisiones judiciales y las reformas legislativas en el \u00e1mbito del Derecho Civil.<br>Las XXX Jornadas se extender\u00e1n entre el 25 y el 27 de septiembre y contar\u00e1n con la disertaci\u00f3n de m\u00e1s de un centenar de especialistas de universidades nacionales y del extranjero. El evento contar\u00e1 con 8 paneles y 12 comisiones especializadas que abordar\u00e1n distintos temas vinculados a nuevas tecnolog\u00edas, servicios digitales, alcance \u00e9tico de los contenidos, consumo en materia inmobiliaria, temas ambientales, de familia, de da\u00f1os, ense\u00f1anza del derecho, entre otros.<br>Son m\u00e1s de un centenar de especialistas de universidades nacionales, como la UNNE, Universidad Nacional de Buenos Aires (UBA), Universidad Nacional del Litoral (UNL), Universidad Nacional de Rosario (UNR), Universidad Nacional de La Plata (UNLP), Universidad Cat\u00f3lica Argentina (UCA), Universidad Nacional de Cuyo (UNcuyo), Universidad Nacional de C\u00f3rdoba, Universidad Nacional de R\u00edo Cuarto (UNRC), Universidad Austral (UA), Universidad Nacional de Tucum\u00e1n (UNT), Universidad Nacional de Mar del Plata (UNMP), entre otras.<\/p>\n\n\n\n<p>Invitados internacionales<\/p>\n\n\n\n<p>Las Jornadas, que este a\u00f1o rinden homenaje a los profesores Edgardo I. Saux, Carlos Clerc y Juan Carlos Palmero, y en memoria de los profesores C\u00e9sar A. Abelenda, Antonio J. Rinessi y Lisandro Segovia, contar\u00e1n con la participaci\u00f3n de destacados juristas de Am\u00e9rica Latina y Europa, que enriquecer\u00e1n el debate con sus perspectivas comparadas: Alfredo Ferrante, Universidad de Pavia; Eugenio Llamas Pombo, Universidad de Salamanca; Marcos Catal\u00e1n, Universidad de Porto Alegre; Bruno Miragem, Universidad Federal de Rio Grande do Sul; \u00cd\u00f1igo de la Maza, Universidad Diego Portales; Carlos Soto Coaguila, Universidad Mayor de San Marcos; Arturo Caumont, Universidad de la Rep\u00fablica.<\/p>\n\n\n\n<figure class=\"wp-block-image size-large\"><img loading=\"lazy\" decoding=\"async\" width=\"1024\" height=\"591\" src=\"https:\/\/corrientesdetarde.com\/wp-content\/uploads\/2025\/09\/WhatsApp-Image-2025-09-25-at-12.48.43-3-1024x591.jpeg\" alt=\"\" class=\"wp-image-228603\" srcset=\"https:\/\/corrientesdetarde.com\/wp-content\/uploads\/2025\/09\/WhatsApp-Image-2025-09-25-at-12.48.43-3-1024x591.jpeg 1024w, https:\/\/corrientesdetarde.com\/wp-content\/uploads\/2025\/09\/WhatsApp-Image-2025-09-25-at-12.48.43-3-300x173.jpeg 300w, https:\/\/corrientesdetarde.com\/wp-content\/uploads\/2025\/09\/WhatsApp-Image-2025-09-25-at-12.48.43-3-768x443.jpeg 768w, https:\/\/corrientesdetarde.com\/wp-content\/uploads\/2025\/09\/WhatsApp-Image-2025-09-25-at-12.48.43-3.jpeg 1230w\" sizes=\"auto, (max-width: 1024px) 100vw, 1024px\" \/><\/figure>\n\n\n\n<figure class=\"wp-block-image size-large\"><img loading=\"lazy\" decoding=\"async\" width=\"682\" height=\"1024\" src=\"https:\/\/corrientesdetarde.com\/wp-content\/uploads\/2025\/09\/WhatsApp-Image-2025-09-25-at-12.48.43-2-682x1024.jpeg\" alt=\"\" class=\"wp-image-228604\" srcset=\"https:\/\/corrientesdetarde.com\/wp-content\/uploads\/2025\/09\/WhatsApp-Image-2025-09-25-at-12.48.43-2-682x1024.jpeg 682w, https:\/\/corrientesdetarde.com\/wp-content\/uploads\/2025\/09\/WhatsApp-Image-2025-09-25-at-12.48.43-2-200x300.jpeg 200w, https:\/\/corrientesdetarde.com\/wp-content\/uploads\/2025\/09\/WhatsApp-Image-2025-09-25-at-12.48.43-2-768x1152.jpeg 768w, https:\/\/corrientesdetarde.com\/wp-content\/uploads\/2025\/09\/WhatsApp-Image-2025-09-25-at-12.48.43-2.jpeg 853w\" sizes=\"auto, (max-width: 682px) 100vw, 682px\" \/><\/figure>\n\n\n\n<figure class=\"wp-block-image size-large\"><img loading=\"lazy\" decoding=\"async\" width=\"1024\" height=\"682\" src=\"https:\/\/corrientesdetarde.com\/wp-content\/uploads\/2025\/09\/WhatsApp-Image-2025-09-25-at-12.48.43-1-1024x682.jpeg\" alt=\"\" class=\"wp-image-228608\" srcset=\"https:\/\/corrientesdetarde.com\/wp-content\/uploads\/2025\/09\/WhatsApp-Image-2025-09-25-at-12.48.43-1-1024x682.jpeg 1024w, https:\/\/corrientesdetarde.com\/wp-content\/uploads\/2025\/09\/WhatsApp-Image-2025-09-25-at-12.48.43-1-300x200.jpeg 300w, https:\/\/corrientesdetarde.com\/wp-content\/uploads\/2025\/09\/WhatsApp-Image-2025-09-25-at-12.48.43-1-768x512.jpeg 768w, https:\/\/corrientesdetarde.com\/wp-content\/uploads\/2025\/09\/WhatsApp-Image-2025-09-25-at-12.48.43-1.jpeg 1280w\" sizes=\"auto, (max-width: 1024px) 100vw, 1024px\" \/><\/figure>\n\n\n\n<figure class=\"wp-block-image size-large\"><img loading=\"lazy\" decoding=\"async\" width=\"1024\" height=\"682\" src=\"https:\/\/corrientesdetarde.com\/wp-content\/uploads\/2025\/09\/WhatsApp-Image-2025-09-25-at-12.48.42-1024x682.jpeg\" alt=\"\" class=\"wp-image-228607\" srcset=\"https:\/\/corrientesdetarde.com\/wp-content\/uploads\/2025\/09\/WhatsApp-Image-2025-09-25-at-12.48.42-1024x682.jpeg 1024w, https:\/\/corrientesdetarde.com\/wp-content\/uploads\/2025\/09\/WhatsApp-Image-2025-09-25-at-12.48.42-300x200.jpeg 300w, https:\/\/corrientesdetarde.com\/wp-content\/uploads\/2025\/09\/WhatsApp-Image-2025-09-25-at-12.48.42-768x512.jpeg 768w, https:\/\/corrientesdetarde.com\/wp-content\/uploads\/2025\/09\/WhatsApp-Image-2025-09-25-at-12.48.42.jpeg 1280w\" sizes=\"auto, (max-width: 1024px) 100vw, 1024px\" \/><\/figure>\n\n\n\n<figure class=\"wp-block-image size-large\"><img loading=\"lazy\" decoding=\"async\" width=\"1024\" height=\"682\" src=\"https:\/\/corrientesdetarde.com\/wp-content\/uploads\/2025\/09\/WhatsApp-Image-2025-09-25-at-12.48.43-1024x682.jpeg\" alt=\"\" class=\"wp-image-228606\" srcset=\"https:\/\/corrientesdetarde.com\/wp-content\/uploads\/2025\/09\/WhatsApp-Image-2025-09-25-at-12.48.43-1024x682.jpeg 1024w, https:\/\/corrientesdetarde.com\/wp-content\/uploads\/2025\/09\/WhatsApp-Image-2025-09-25-at-12.48.43-300x200.jpeg 300w, https:\/\/corrientesdetarde.com\/wp-content\/uploads\/2025\/09\/WhatsApp-Image-2025-09-25-at-12.48.43-768x512.jpeg 768w, https:\/\/corrientesdetarde.com\/wp-content\/uploads\/2025\/09\/WhatsApp-Image-2025-09-25-at-12.48.43.jpeg 1280w\" sizes=\"auto, (max-width: 1024px) 100vw, 1024px\" \/><\/figure>\n","protected":false},"excerpt":{"rendered":"<p>Con un acto oficial realizado en la ma\u00f1ana de este jueves en el Centro de Convenciones de la Provincia, quedaron formalmente inauguradas las XXX Jornadas Nacionales de Derecho Civil, conmemorando&hellip; <\/p>\n","protected":false},"author":8,"featured_media":228605,"comment_status":"closed","ping_status":"open","sticky":false,"template":"","format":"standard","meta":{"footnotes":""},"categories":[22],"tags":[],"class_list":["post-228602","post","type-post","status-publish","format-standard","has-post-thumbnail","hentry","category-eventos"],"_links":{"self":[{"href":"https:\/\/corrientesdetarde.com\/index.php\/wp-json\/wp\/v2\/posts\/228602","targetHints":{"allow":["GET"]}}],"collection":[{"href":"https:\/\/corrientesdetarde.com\/index.php\/wp-json\/wp\/v2\/posts"}],"about":[{"href":"https:\/\/corrientesdetarde.com\/index.php\/wp-json\/wp\/v2\/types\/post"}],"author":[{"embeddable":true,"href":"https:\/\/corrientesdetarde.com\/index.php\/wp-json\/wp\/v2\/users\/8"}],"replies":[{"embeddable":true,"href":"https:\/\/corrientesdetarde.com\/index.php\/wp-json\/wp\/v2\/comments?post=228602"}],"version-history":[{"count":1,"href":"https:\/\/corrientesdetarde.com\/index.php\/wp-json\/wp\/v2\/posts\/228602\/revisions"}],"predecessor-version":[{"id":228609,"href":"https:\/\/corrientesdetarde.com\/index.php\/wp-json\/wp\/v2\/posts\/228602\/revisions\/228609"}],"wp:featuredmedia":[{"embeddable":true,"href":"https:\/\/corrientesdetarde.com\/index.php\/wp-json\/wp\/v2\/media\/228605"}],"wp:attachment":[{"href":"https:\/\/corrientesdetarde.com\/index.php\/wp-json\/wp\/v2\/media?parent=228602"}],"wp:term":[{"taxonomy":"category","embeddable":true,"href":"https:\/\/corrientesdetarde.com\/index.php\/wp-json\/wp\/v2\/categories?post=228602"},{"taxonomy":"post_tag","embeddable":true,"href":"https:\/\/corrientesdetarde.com\/index.php\/wp-json\/wp\/v2\/tags?post=228602"}],"curies":[{"name":"wp","href":"https:\/\/api.w.org\/{rel}","templated":true}]}}