{"id":228610,"date":"2025-09-25T13:44:08","date_gmt":"2025-09-25T16:44:08","guid":{"rendered":"https:\/\/corrientesdetarde.com\/?p=228610"},"modified":"2025-09-25T13:44:17","modified_gmt":"2025-09-25T16:44:17","slug":"el-gobernador-valdes-en-la-apertura-de-las-xxx-jornadas-nacionales-de-derecho-civil","status":"publish","type":"post","link":"https:\/\/corrientesdetarde.com\/index.php\/locales\/el-gobernador-valdes-en-la-apertura-de-las-xxx-jornadas-nacionales-de-derecho-civil\/","title":{"rendered":"El gobernador Vald\u00e9s, en la apertura de las XXX Jornadas Nacionales de Derecho Civil"},"content":{"rendered":"\n<p>El gobernador Gustavo Vald\u00e9s particip\u00f3 este jueves de la apertura oficial de las XXX Jornadas Nacionales de Derecho Civil que se desarrollan en el Centro de Convenciones de Capital y que cuentan con la presencia del Ministro de la Corte Suprema de Justicia de la Naci\u00f3n, Ricardo Lorenzetti, qui\u00e9n ofreci\u00f3 una conferencia inaugural.<\/p>\n\n\n\n<p>El evento jur\u00eddico transcurre durante tres jornadas y es uno de los m\u00e1s importantes del pa\u00eds, bajo la organizaci\u00f3n de la Facultad de Derecho y Ciencias Sociales y Pol\u00edticas de la Universidad Nacional del Nordeste. Este a\u00f1o, celebra los 10 a\u00f1os de vigencia del C\u00f3digo Civil y Comercial y cuenta con la disertaci\u00f3n de m\u00e1s de un centenar de especialistas de universidades nacionales y del extranjero, durante tres jornadas.<\/p>\n\n\n\n<p>Junto al gobernador Gustavo Vald\u00e9s y el ministro de la Corte Suprema, Ricardo Lorenzetti estuvieron el vicegobernador, Pedro Braillard Poccard, el rector de la UNNE, Omar Larroza, que ofreci\u00f3 las palabras del bienvenida, el decano de la Facultad&nbsp; de Derecho, Mario Villegas y el organizador de las Jornadas, Sebasti\u00e1n Danuzzo, entre otros.<\/p>\n\n\n\n<p>Las Jornadas se celebran en homenaje a los profesores Edgardo I. Saux, Carlos Clerc y Juan Carlos Palmero, y en memoria de los profesores C\u00e9sar A. Abelenda, Antonio J. Rinessi y Lisandro Segovia.<\/p>\n\n\n\n<p>Desde su primera edici\u00f3n en 1963, estas Jornadas han sido un foro cient\u00edfico clave para el debate jur\u00eddico y la formulaci\u00f3n de conclusiones que influyen en las decisiones judiciales y las reformas legislativas en el \u00e1mbito del Derecho Civil.<\/p>\n\n\n\n<p><strong>Gobernador Vald\u00e9s<\/strong><\/p>\n\n\n\n<p>\u201cPoder pensar y reglar el comportamiento humano, como lo estudi\u00e1bamos en la Facultad, es una realidad y una posibilidad\u201d, expres\u00f3 Vald\u00e9s en el inicio de su intervenci\u00f3n.<\/p>\n\n\n\n<p>Durante su discurso, el gobernador destac\u00f3 que la tarea del legislador consiste justamente en tomar el pensamiento jur\u00eddico y transformarlo en normas que regulen la convivencia en sociedad. En ese sentido, defendi\u00f3 la centralidad del factor humano en la construcci\u00f3n del Derecho y se mostr\u00f3 esc\u00e9ptico ante las posturas que sostienen que herramientas como la inteligencia artificial podr\u00edan reemplazar el razonamiento jur\u00eddico.<\/p>\n\n\n\n<p>\u201cCuando apareci\u00f3 internet cre\u00edamos que el mundo del Derecho iba a ser un caos, pero no pas\u00f3 nada. Ahora, con la inteligencia artificial, lo \u00fanico que vamos a hacer es ordenar y buscar m\u00e1s r\u00e1pido el contenido, pero nunca vamos a reemplazar el conocimiento humano\u201d, sostuvo.<\/p>\n\n\n\n<p>Vald\u00e9s remarc\u00f3 que los institutos del Derecho y las jornadas acad\u00e9micas como las que se desarrollan en Corrientes son espacios fundamentales para pensar en conjunto y generar pautas que puedan ser transformadas en leyes.<\/p>\n\n\n\n<p>\u201cNunca va a ser reemplazado ese pensamiento humano que tenemos. Pero no soy yo el que tiene que hablar de esto, son ustedes, que piensan mucho m\u00e1s que nosotros\u201d, expres\u00f3 el mandatario.<\/p>\n\n\n\n<p><strong>Compromiso con la universidad p\u00fablica<\/strong><\/p>\n\n\n\n<p>El gobernador aprovech\u00f3 el encuentro para reafirmar su apoyo a la universidad p\u00fablica y gratuita, a la que consider\u00f3 una herramienta clave para la construcci\u00f3n de una sociedad m\u00e1s equitativa.<\/p>\n\n\n\n<p>\u201cApoyamos a la universidad p\u00fablica para que todos tengan acceso. Muchos venimos del interior, sin un solo peso, y gracias a eso hoy somos abogados, juristas, cient\u00edficos. Solo los pa\u00edses poderosos son los que tienen conocimiento, y en Argentina ese conocimiento nace en la universidad p\u00fablica\u201d, subray\u00f3.<\/p>\n\n\n\n<p><strong>Un cierre con mirada social<\/strong><\/p>\n\n\n\n<p>Hacia el final de su discurso, Vald\u00e9s celebr\u00f3 la posibilidad de seguir \u201cevolucionando juntos\u201d, y destac\u00f3 que la raz\u00f3n de ser del Derecho es la construcci\u00f3n de una sociedad m\u00e1s justa y solidaria.<\/p>\n\n\n\n<p>\u201cEl Derecho sirve, en definitiva, para dedicarnos al otro. Esa es la esencia\u201d, concluy\u00f3.<\/p>\n\n\n\n<p><strong>Ricardo Lorenzetti<\/strong><\/p>\n\n\n\n<p>\u201cEstamos en una provincia que ha protegido el ambiente, que ha cuidado sus parques, que ha logrado recuperar especies en proceso de extinci\u00f3n. Es algo muy importante en este siglo XXI\u201d, remarc\u00f3 inicialmente Ricardo Lorenzetti, al tomar la palaba.<\/p>\n\n\n\n<p>Adem\u00e1s, valor\u00f3 que en Corrientes &#8220;se respira federalismo&#8221; y llam\u00f3 a todos los argentinos a reconocer y valorar las identidades regionales del pa\u00eds. \u201cDebemos recorrer la Argentina y reconocer estas identidades que son tan emotivas, como cuando escuchamos sonar el chamam\u00e9\u201d, expres\u00f3.<\/p>\n\n\n\n<p><strong>Reconocimiento a la intelectualidad jur\u00eddica argentina<\/strong><\/p>\n\n\n\n<p>Dirigi\u00e9ndose al gobernador Gustavo Vald\u00e9s, quien encabez\u00f3 la apertura junto a autoridades judiciales y acad\u00e9micas, Lorenzetti destac\u00f3 el valor del encuentro y de quienes participan de las jornadas.<\/p>\n\n\n\n<p>\u201cAqu\u00ed est\u00e1 lo m\u00e1s importante de la intelectualidad argentina en el Derecho: mujeres y hombres que han dedicado su vida al estudio\u201d, sostuvo. Y a\u00f1adi\u00f3: \u201cEste encuentro no es meramente te\u00f3rico. Cada comisi\u00f3n de trabajo desarrollar\u00e1 contenidos t\u00e9cnicos, pero con aplicaci\u00f3n directa a la vida cotidiana. Se planifican soluciones concretas para los problemas reales de la gente\u201d.<\/p>\n\n\n\n<p><strong>Compromiso con la universidad p\u00fablica y la vocaci\u00f3n altruista<\/strong><\/p>\n\n\n\n<p>En otro tramo de su discurso, el ministro puso en valor el rol de la universidad p\u00fablica en la formaci\u00f3n de generaciones de profesionales del Derecho, y resalt\u00f3 el car\u00e1cter altruista y vocacional de quienes participan en estas jornadas.<\/p>\n\n\n\n<p>\u201cLa mayor\u00eda de los que est\u00e1n aqu\u00ed lo hacen a su propio costo, brindando su conocimiento, como un servicio a la comunidad. En un mundo donde todo se monetiza, donde predomina la l\u00f3gica del mercado, esto que sucede en estas jornadas representa un valor enorme\u201d, enfatiz\u00f3.<\/p>\n\n\n\n<p><strong>Mirada hacia el futuro del Derecho<\/strong><\/p>\n\n\n\n<p>Finalmente, Lorenzetti reflexion\u00f3 sobre el objetivo de las jornadas, que no s\u00f3lo invitan a revisar los avances del \u00faltimo decenio en materia de Derecho Civil, sino tambi\u00e9n a pensar en los desaf\u00edos futuros del sistema jur\u00eddico argentino.<\/p>\n\n\n\n<p>\u201cEl t\u00edtulo de estas jornadas nos llama a pensar en lo que sucedi\u00f3 en los \u00faltimos diez a\u00f1os, pero tambi\u00e9n en la prospectiva. Tenemos que hablar del futuro\u201d, concluy\u00f3.<\/p>\n\n\n\n<p><strong>Temas<\/strong><\/p>\n\n\n\n<p>El evento se nutre con 8 paneles y 12 comisiones especializadas que abordar\u00e1n distintos temas vinculados a nuevas tecnolog\u00edas, servicios digitales,&nbsp; alcance \u00e9tico de los contenidos, consumo en materia inmobiliaria, temas ambientales, de familia, de da\u00f1os, ense\u00f1anza del derecho, entre otros.<\/p>\n\n\n\n<p>Son m\u00e1s de un centenar de especialistas de universidades nacionales, como la UNNE, Universidad Nacional de Buenos Aires (UBA), Universidad Nacional del Litoral (UNL), Universidad Nacional de Rosario (UNR), Universidad Nacional de La Plata (UNLP), Universidad Cat\u00f3lica Argentina (UCA), Universidad Nacional de Cuyo (UNcuyo), Universidad Nacional de C\u00f3rdoba, Universidad Nacional de R\u00edo Cuarto (UNRC), Universidad Austral (UA), Universidad Nacional de Tucum\u00e1n (UNT), Universidad Nacional de Mar del Plata (UNMP), entre otras.<\/p>\n\n\n\n<p>Las Jornadas tienen la participaci\u00f3n de destacados juristas de Am\u00e9rica Latina y Europa, que enriquecer\u00e1n el debate con sus perspectivas comparadas:<\/p>\n\n\n\n<p>\u2013 Alfredo Ferrante \u2013 Universidad de Pavia&nbsp;<\/p>\n\n\n\n<p>\u2013 Eugenio Llamas Pombo \u2013 Universidad de Salamanca&nbsp;<\/p>\n\n\n\n<p>\u2013 Marcos Catal\u00e1n \u2013 Universidad de Porto Alegre&nbsp;<\/p>\n\n\n\n<p>\u2013 Bruno Miragem \u2013 Universidad Federal de Rio Grande do Sul&nbsp;<\/p>\n\n\n\n<p>\u2013 \u00cd\u00f1igo de la Maza \u2013 Universidad Diego Portales&nbsp;<\/p>\n\n\n\n<p>\u2013 Carlos Soto Coaguila \u2013 Universidad Mayor de San Marcos&nbsp;<\/p>\n\n\n\n<p>\u2013 Arturo Caumont \u2013 Universidad de la Rep\u00fablica&nbsp;<\/p>\n\n\n\n<figure class=\"wp-block-image size-large\"><img loading=\"lazy\" decoding=\"async\" width=\"1024\" height=\"683\" src=\"https:\/\/corrientesdetarde.com\/wp-content\/uploads\/2025\/09\/image-840-1024x683.png\" alt=\"\" class=\"wp-image-228611\" srcset=\"https:\/\/corrientesdetarde.com\/wp-content\/uploads\/2025\/09\/image-840-1024x683.png 1024w, https:\/\/corrientesdetarde.com\/wp-content\/uploads\/2025\/09\/image-840-300x200.png 300w, https:\/\/corrientesdetarde.com\/wp-content\/uploads\/2025\/09\/image-840-768x512.png 768w, https:\/\/corrientesdetarde.com\/wp-content\/uploads\/2025\/09\/image-840-1536x1024.png 1536w, https:\/\/corrientesdetarde.com\/wp-content\/uploads\/2025\/09\/image-840.png 1600w\" sizes=\"auto, (max-width: 1024px) 100vw, 1024px\" \/><\/figure>\n\n\n\n<figure class=\"wp-block-image size-large\"><img loading=\"lazy\" decoding=\"async\" width=\"1024\" height=\"627\" src=\"https:\/\/corrientesdetarde.com\/wp-content\/uploads\/2025\/09\/image-841-1024x627.png\" alt=\"\" class=\"wp-image-228612\" srcset=\"https:\/\/corrientesdetarde.com\/wp-content\/uploads\/2025\/09\/image-841-1024x627.png 1024w, https:\/\/corrientesdetarde.com\/wp-content\/uploads\/2025\/09\/image-841-300x184.png 300w, https:\/\/corrientesdetarde.com\/wp-content\/uploads\/2025\/09\/image-841-768x470.png 768w, https:\/\/corrientesdetarde.com\/wp-content\/uploads\/2025\/09\/image-841-1536x941.png 1536w, https:\/\/corrientesdetarde.com\/wp-content\/uploads\/2025\/09\/image-841.png 1600w\" sizes=\"auto, (max-width: 1024px) 100vw, 1024px\" \/><\/figure>\n\n\n\n<figure class=\"wp-block-image size-large\"><img loading=\"lazy\" decoding=\"async\" width=\"1024\" height=\"720\" src=\"https:\/\/corrientesdetarde.com\/wp-content\/uploads\/2025\/09\/image-842-1024x720.png\" alt=\"\" class=\"wp-image-228613\" srcset=\"https:\/\/corrientesdetarde.com\/wp-content\/uploads\/2025\/09\/image-842-1024x720.png 1024w, https:\/\/corrientesdetarde.com\/wp-content\/uploads\/2025\/09\/image-842-300x211.png 300w, https:\/\/corrientesdetarde.com\/wp-content\/uploads\/2025\/09\/image-842-768x540.png 768w, https:\/\/corrientesdetarde.com\/wp-content\/uploads\/2025\/09\/image-842-1536x1080.png 1536w, https:\/\/corrientesdetarde.com\/wp-content\/uploads\/2025\/09\/image-842.png 1600w\" sizes=\"auto, (max-width: 1024px) 100vw, 1024px\" \/><\/figure>\n\n\n\n<figure class=\"wp-block-image size-large\"><img loading=\"lazy\" decoding=\"async\" width=\"1024\" height=\"683\" src=\"https:\/\/corrientesdetarde.com\/wp-content\/uploads\/2025\/09\/image-843-1024x683.png\" alt=\"\" class=\"wp-image-228614\" srcset=\"https:\/\/corrientesdetarde.com\/wp-content\/uploads\/2025\/09\/image-843-1024x683.png 1024w, https:\/\/corrientesdetarde.com\/wp-content\/uploads\/2025\/09\/image-843-300x200.png 300w, https:\/\/corrientesdetarde.com\/wp-content\/uploads\/2025\/09\/image-843-768x512.png 768w, https:\/\/corrientesdetarde.com\/wp-content\/uploads\/2025\/09\/image-843-1536x1024.png 1536w, https:\/\/corrientesdetarde.com\/wp-content\/uploads\/2025\/09\/image-843.png 1600w\" sizes=\"auto, (max-width: 1024px) 100vw, 1024px\" \/><\/figure>\n\n\n\n<figure class=\"wp-block-image size-large\"><img loading=\"lazy\" decoding=\"async\" width=\"1024\" height=\"684\" src=\"https:\/\/corrientesdetarde.com\/wp-content\/uploads\/2025\/09\/image-844-1024x684.png\" alt=\"\" class=\"wp-image-228615\" srcset=\"https:\/\/corrientesdetarde.com\/wp-content\/uploads\/2025\/09\/image-844-1024x684.png 1024w, https:\/\/corrientesdetarde.com\/wp-content\/uploads\/2025\/09\/image-844-300x200.png 300w, https:\/\/corrientesdetarde.com\/wp-content\/uploads\/2025\/09\/image-844-768x513.png 768w, https:\/\/corrientesdetarde.com\/wp-content\/uploads\/2025\/09\/image-844-1536x1026.png 1536w, https:\/\/corrientesdetarde.com\/wp-content\/uploads\/2025\/09\/image-844.png 1600w\" sizes=\"auto, (max-width: 1024px) 100vw, 1024px\" \/><\/figure>\n\n\n\n<figure class=\"wp-block-image size-large\"><img loading=\"lazy\" decoding=\"async\" width=\"1024\" height=\"684\" src=\"https:\/\/corrientesdetarde.com\/wp-content\/uploads\/2025\/09\/image-845-1024x684.png\" alt=\"\" class=\"wp-image-228616\" srcset=\"https:\/\/corrientesdetarde.com\/wp-content\/uploads\/2025\/09\/image-845-1024x684.png 1024w, https:\/\/corrientesdetarde.com\/wp-content\/uploads\/2025\/09\/image-845-300x200.png 300w, https:\/\/corrientesdetarde.com\/wp-content\/uploads\/2025\/09\/image-845-768x513.png 768w, https:\/\/corrientesdetarde.com\/wp-content\/uploads\/2025\/09\/image-845-1536x1026.png 1536w, https:\/\/corrientesdetarde.com\/wp-content\/uploads\/2025\/09\/image-845.png 1600w\" sizes=\"auto, (max-width: 1024px) 100vw, 1024px\" \/><\/figure>\n\n\n\n<figure class=\"wp-block-image size-large\"><img loading=\"lazy\" decoding=\"async\" width=\"1024\" height=\"656\" src=\"https:\/\/corrientesdetarde.com\/wp-content\/uploads\/2025\/09\/image-846-1024x656.png\" alt=\"\" class=\"wp-image-228617\" srcset=\"https:\/\/corrientesdetarde.com\/wp-content\/uploads\/2025\/09\/image-846-1024x656.png 1024w, https:\/\/corrientesdetarde.com\/wp-content\/uploads\/2025\/09\/image-846-300x192.png 300w, https:\/\/corrientesdetarde.com\/wp-content\/uploads\/2025\/09\/image-846-768x492.png 768w, https:\/\/corrientesdetarde.com\/wp-content\/uploads\/2025\/09\/image-846-1536x984.png 1536w, https:\/\/corrientesdetarde.com\/wp-content\/uploads\/2025\/09\/image-846.png 1600w\" sizes=\"auto, (max-width: 1024px) 100vw, 1024px\" \/><\/figure>\n\n\n\n<figure class=\"wp-block-image size-large\"><img loading=\"lazy\" decoding=\"async\" width=\"1024\" height=\"683\" src=\"https:\/\/corrientesdetarde.com\/wp-content\/uploads\/2025\/09\/image-847-1024x683.png\" alt=\"\" class=\"wp-image-228618\" srcset=\"https:\/\/corrientesdetarde.com\/wp-content\/uploads\/2025\/09\/image-847-1024x683.png 1024w, https:\/\/corrientesdetarde.com\/wp-content\/uploads\/2025\/09\/image-847-300x200.png 300w, https:\/\/corrientesdetarde.com\/wp-content\/uploads\/2025\/09\/image-847-768x512.png 768w, https:\/\/corrientesdetarde.com\/wp-content\/uploads\/2025\/09\/image-847-1536x1024.png 1536w, https:\/\/corrientesdetarde.com\/wp-content\/uploads\/2025\/09\/image-847.png 1600w\" sizes=\"auto, (max-width: 1024px) 100vw, 1024px\" \/><\/figure>\n\n\n\n<figure class=\"wp-block-image size-large\"><img loading=\"lazy\" decoding=\"async\" width=\"1024\" height=\"683\" src=\"https:\/\/corrientesdetarde.com\/wp-content\/uploads\/2025\/09\/image-848-1024x683.png\" alt=\"\" class=\"wp-image-228619\" srcset=\"https:\/\/corrientesdetarde.com\/wp-content\/uploads\/2025\/09\/image-848-1024x683.png 1024w, https:\/\/corrientesdetarde.com\/wp-content\/uploads\/2025\/09\/image-848-300x200.png 300w, https:\/\/corrientesdetarde.com\/wp-content\/uploads\/2025\/09\/image-848-768x512.png 768w, https:\/\/corrientesdetarde.com\/wp-content\/uploads\/2025\/09\/image-848-1536x1024.png 1536w, https:\/\/corrientesdetarde.com\/wp-content\/uploads\/2025\/09\/image-848.png 1600w\" sizes=\"auto, (max-width: 1024px) 100vw, 1024px\" \/><\/figure>\n","protected":false},"excerpt":{"rendered":"<p>El gobernador Gustavo Vald\u00e9s particip\u00f3 este jueves de la apertura oficial de las XXX Jornadas Nacionales de Derecho Civil que se desarrollan en el Centro de Convenciones de Capital y&hellip; <\/p>\n","protected":false},"author":8,"featured_media":228612,"comment_status":"closed","ping_status":"open","sticky":false,"template":"","format":"standard","meta":{"footnotes":""},"categories":[8],"tags":[],"class_list":["post-228610","post","type-post","status-publish","format-standard","has-post-thumbnail","hentry","category-locales"],"_links":{"self":[{"href":"https:\/\/corrientesdetarde.com\/index.php\/wp-json\/wp\/v2\/posts\/228610","targetHints":{"allow":["GET"]}}],"collection":[{"href":"https:\/\/corrientesdetarde.com\/index.php\/wp-json\/wp\/v2\/posts"}],"about":[{"href":"https:\/\/corrientesdetarde.com\/index.php\/wp-json\/wp\/v2\/types\/post"}],"author":[{"embeddable":true,"href":"https:\/\/corrientesdetarde.com\/index.php\/wp-json\/wp\/v2\/users\/8"}],"replies":[{"embeddable":true,"href":"https:\/\/corrientesdetarde.com\/index.php\/wp-json\/wp\/v2\/comments?post=228610"}],"version-history":[{"count":1,"href":"https:\/\/corrientesdetarde.com\/index.php\/wp-json\/wp\/v2\/posts\/228610\/revisions"}],"predecessor-version":[{"id":228620,"href":"https:\/\/corrientesdetarde.com\/index.php\/wp-json\/wp\/v2\/posts\/228610\/revisions\/228620"}],"wp:featuredmedia":[{"embeddable":true,"href":"https:\/\/corrientesdetarde.com\/index.php\/wp-json\/wp\/v2\/media\/228612"}],"wp:attachment":[{"href":"https:\/\/corrientesdetarde.com\/index.php\/wp-json\/wp\/v2\/media?parent=228610"}],"wp:term":[{"taxonomy":"category","embeddable":true,"href":"https:\/\/corrientesdetarde.com\/index.php\/wp-json\/wp\/v2\/categories?post=228610"},{"taxonomy":"post_tag","embeddable":true,"href":"https:\/\/corrientesdetarde.com\/index.php\/wp-json\/wp\/v2\/tags?post=228610"}],"curies":[{"name":"wp","href":"https:\/\/api.w.org\/{rel}","templated":true}]}}