{"id":228729,"date":"2025-09-26T01:17:02","date_gmt":"2025-09-26T04:17:02","guid":{"rendered":"https:\/\/corrientesdetarde.com\/?p=228729"},"modified":"2025-09-26T01:17:09","modified_gmt":"2025-09-26T04:17:09","slug":"corrientes-el-simu-se-reune-para-evaluar-un-posible-aumento-en-el-pasaje-de-colectivos","status":"publish","type":"post","link":"https:\/\/corrientesdetarde.com\/index.php\/actualidad\/corrientes-el-simu-se-reune-para-evaluar-un-posible-aumento-en-el-pasaje-de-colectivos\/","title":{"rendered":"Corrientes: el Simu se re\u00fane para evaluar un posible aumento en el pasaje de colectivos"},"content":{"rendered":"\n<p>Este viernes a las 9 se llevar\u00e1 a cabo una reuni\u00f3n del Sistema Integrado de Movilidad Urbana. Aunque a\u00fan no se defini\u00f3 el monto del posible aumento, el tema genera expectativa entre los usuarios del transporte p\u00fablico.<\/p>\n\n\n\n<p>El Sistema Integrado de Movilidad Urbana (Simu) se reunir\u00e1 este viernes a las 9 de la ma\u00f1ana para analizar un posible aumento en el precio del pasaje de colectivos en la ciudad. As\u00ed lo confirm\u00f3 la concejal Mercedes Franco Laprovitta, quien adelant\u00f3 que el encuentro fue notificado recientemente y genera expectativas en la comunidad.<\/p>\n\n\n\n<p>La convocatoria al Simu surge en el marco de la sesi\u00f3n itinerante del Concejo Deliberante, realizada esta semana en el barrio Juan de Vera. Durante ese evento, se mencion\u00f3 la necesidad de revisar las tarifas del transporte urbano ante el contexto actual.<\/p>\n\n\n\n<p>&#8220;La reuni\u00f3n es porque quieren aumentar el pasaje de colectivos&#8221;, expres\u00f3 Laprovitta seg\u00fan consign\u00f3 el matutino El Litoral, aunque aclar\u00f3 que a\u00fan no se conocen detalles concretos sobre el porcentaje de incremento que se eval\u00faa.<\/p>\n\n\n\n<p>El Simu es el organismo responsable de coordinar y definir pol\u00edticas relacionadas con el transporte p\u00fablico en Corrientes. Su rol es clave en la toma de decisiones sobre tarifas, recorridos y calidad del servicio.<\/p>\n\n\n\n<p>Se espera que tras la reuni\u00f3n se emita un informe oficial que explique las razones del posible ajuste tarifario y los estudios t\u00e9cnicos que lo respaldan. En tanto, vecinos y usuarios del transporte siguen de cerca la evoluci\u00f3n del debate, preocupados por el impacto que una suba podr\u00eda tener en su econom\u00eda diaria.<\/p>\n","protected":false},"excerpt":{"rendered":"<p>Este viernes a las 9 se llevar\u00e1 a cabo una reuni\u00f3n del Sistema Integrado de Movilidad Urbana. Aunque a\u00fan no se defini\u00f3 el monto del posible aumento, el tema genera&hellip; <\/p>\n","protected":false},"author":4,"featured_media":228730,"comment_status":"closed","ping_status":"open","sticky":false,"template":"","format":"standard","meta":{"footnotes":""},"categories":[23],"tags":[],"class_list":["post-228729","post","type-post","status-publish","format-standard","has-post-thumbnail","hentry","category-actualidad"],"_links":{"self":[{"href":"https:\/\/corrientesdetarde.com\/index.php\/wp-json\/wp\/v2\/posts\/228729","targetHints":{"allow":["GET"]}}],"collection":[{"href":"https:\/\/corrientesdetarde.com\/index.php\/wp-json\/wp\/v2\/posts"}],"about":[{"href":"https:\/\/corrientesdetarde.com\/index.php\/wp-json\/wp\/v2\/types\/post"}],"author":[{"embeddable":true,"href":"https:\/\/corrientesdetarde.com\/index.php\/wp-json\/wp\/v2\/users\/4"}],"replies":[{"embeddable":true,"href":"https:\/\/corrientesdetarde.com\/index.php\/wp-json\/wp\/v2\/comments?post=228729"}],"version-history":[{"count":1,"href":"https:\/\/corrientesdetarde.com\/index.php\/wp-json\/wp\/v2\/posts\/228729\/revisions"}],"predecessor-version":[{"id":228731,"href":"https:\/\/corrientesdetarde.com\/index.php\/wp-json\/wp\/v2\/posts\/228729\/revisions\/228731"}],"wp:featuredmedia":[{"embeddable":true,"href":"https:\/\/corrientesdetarde.com\/index.php\/wp-json\/wp\/v2\/media\/228730"}],"wp:attachment":[{"href":"https:\/\/corrientesdetarde.com\/index.php\/wp-json\/wp\/v2\/media?parent=228729"}],"wp:term":[{"taxonomy":"category","embeddable":true,"href":"https:\/\/corrientesdetarde.com\/index.php\/wp-json\/wp\/v2\/categories?post=228729"},{"taxonomy":"post_tag","embeddable":true,"href":"https:\/\/corrientesdetarde.com\/index.php\/wp-json\/wp\/v2\/tags?post=228729"}],"curies":[{"name":"wp","href":"https:\/\/api.w.org\/{rel}","templated":true}]}}