{"id":228736,"date":"2025-09-26T07:02:56","date_gmt":"2025-09-26T10:02:56","guid":{"rendered":"https:\/\/corrientesdetarde.com\/?p=228736"},"modified":"2025-09-26T07:03:08","modified_gmt":"2025-09-26T10:03:08","slug":"tras-la-asamblea-general-de-naciones-unidas-el-canciller-bourita-vuelve-a-marruecos-con-respaldos-e-inversiones","status":"publish","type":"post","link":"https:\/\/corrientesdetarde.com\/index.php\/internacionales\/tras-la-asamblea-general-de-naciones-unidas-el-canciller-bourita-vuelve-a-marruecos-con-respaldos-e-inversiones\/","title":{"rendered":"Tras la Asamblea General de Naciones Unidas, el Canciller Bourita vuelve a Marruecos con respaldos e inversiones"},"content":{"rendered":"\n<p>Fiel a su estilo, el Ministro de Relaciones Exteriores, Cooperaci\u00f3n Africana y Marroqu\u00edes Expatriados, Nasser Bourita, desarroll\u00f3 una intensa actividad en paralelo con la 80 Asamblea de Naciones Unidas junto al East River en Manhattan. La ronda de Bourita comenz\u00f3 sumando un nuevo respaldo en nuestra regi\u00f3n, al reunirse con el ministro de Relaciones Exteriores de Paraguay, Rub\u00e9n Ram\u00edrez Lezcano, quien le comunic\u00f3 el reconocimiento de la soberan\u00eda de Marruecos sobre el Sahara Occidental. Adem\u00e1s, ratific\u00f3 el apoyo a la iniciativa marroqu\u00ed para la negociaci\u00f3n de un Estatuto de Autonom\u00eda para la regi\u00f3n, presentada por Marruecos en el a\u00f1o 2007.<br><br>Luego se entrevist\u00f3, entre otros, con los representantes de Pap\u00faa Nueva Guinea, Estados Federados de Micronesia, Zambia, la Organizaci\u00f3n Internacional de la Francofon\u00eda, la Secretaria de Estado de Asuntos Exteriores, de la Commonwealth y de Desarrollo, Somalia, Palaos, Surinam, Burundi, Panam\u00e1, del Reino de B\u00e9lgica, Rep\u00fablica de Kenia, de la Federaci\u00f3n de Rusia, del Consejo de Cooperaci\u00f3n para los Estados \u00c1rabes del Golfo, del Reino Hachemita de Jordania, de la Rep\u00fablica de Sud\u00e1n del Sur.<br><br>Con los cancilleres de Burkina Faso, Mal\u00ed, N\u00edger y Chad, desarroll\u00f3 una reuni\u00f3n de seguimiento sobre la puesta en marcha de la Iniciativa Real para facilitar el acceso de los pa\u00edses del Sahel al Oc\u00e9ano Atl\u00e1ntico.<br><br>Por otra parte intercambi\u00f3 opiniones con el Ministro de Exteriores de Espa\u00f1a, Jos\u00e9 Manuel Albares, con el Ministro de Asuntos Exteriores de los Emiratos \u00c1rabes Unidos, el Jeque Abdullah bin Zayed Al Nahyan, con su par del Reino de los Pa\u00edses Bajos, Sr. David van Weel, con el congresista de EEUU, Joe Wilson, quien destac\u00f3 la importancia geoestrat\u00e9gica de Marruecos, aliado hist\u00f3rico de Estados Unidos, subrayando el firme respaldo estadounidense a la soberan\u00eda, la estabilidad y la prosperidad del Reino, con el canciller argentino, Gerardo Werthein que elogi\u00f3 las relaciones amistosas entre Rabat y Buenos Aires, destacando el deseo de ambas partes de fortalecer la cooperaci\u00f3n en varias \u00e1reas, los dos ministros tambi\u00e9n abordaron una serie de cuestiones de inter\u00e9s com\u00fan. Despu\u00e9s el canciller marroqu\u00ed copresidi\u00f3, en Nueva York, una reuni\u00f3n ministerial conmemorativa del 20\u00ba aniversario de la adopci\u00f3n del principio de la &#8220;Responsabilidad de Proteger&#8221;, organizada por iniciativa conjunta del Reino de Marruecos, Luxemburgo y Guatemala: &#8220;Al afirmar que el concepto de responsabilidad de proteger nunca ha sido m\u00e1s pertinente, Su Excelencia el Sr. Ministro subray\u00f3 que Marruecos, guiado por la visi\u00f3n de SM el Rey Mohammed VI, ha adquirido una valiosa experiencia en materia de mantenimiento de la paz, especialmente en \u00c1frica&#8221;.<\/p>\n\n\n\n<p><br>Y como conclusi\u00f3n de esta exitosa y nutrida agenda neoyorquina, Nasser Bourita, mantuvo un fructifero encuentro con el secretario de Estado estadounidense adjunto, Christopher Landau, quien le comunic\u00f3 que, &#8220;tras el reconocimiento por Washington de la soberan\u00eda de Marruecos sobre su S\u00e1hara, el Gobierno estadounidense ha decidido impulsar las inversiones en las Provincias del Sur del Reino, en el marco de las iniciativas globales de la administraci\u00f3n Trump destinadas a promover la diplomacia econ\u00f3mica y comercial, nos complace anunciar que vamos a fomentar a las empresas estadounidenses que deseen invertir en esta regi\u00f3n de Marruecos&#8221;. El responsable estadounidense tambi\u00e9n indic\u00f3 haber abordado con Bourita las excelentes e hist\u00f3ricas relaciones que unen al Reino de Marruecos y los Estados Unidos de Am\u00e9rica, subrayando la disposici\u00f3n de la administraci\u00f3n estadounidense para obrar en concierto con Marruecos con el fin de &#8220;promover la prosperidad, la paz y la estabilidad en la regi\u00f3n&#8221;.<\/p>\n","protected":false},"excerpt":{"rendered":"<p>Fiel a su estilo, el Ministro de Relaciones Exteriores, Cooperaci\u00f3n Africana y Marroqu\u00edes Expatriados, Nasser Bourita, desarroll\u00f3 una intensa actividad en paralelo con la 80 Asamblea de Naciones Unidas junto&hellip; <\/p>\n","protected":false},"author":11,"featured_media":228737,"comment_status":"closed","ping_status":"open","sticky":false,"template":"","format":"standard","meta":{"footnotes":""},"categories":[11],"tags":[],"class_list":["post-228736","post","type-post","status-publish","format-standard","has-post-thumbnail","hentry","category-internacionales"],"_links":{"self":[{"href":"https:\/\/corrientesdetarde.com\/index.php\/wp-json\/wp\/v2\/posts\/228736","targetHints":{"allow":["GET"]}}],"collection":[{"href":"https:\/\/corrientesdetarde.com\/index.php\/wp-json\/wp\/v2\/posts"}],"about":[{"href":"https:\/\/corrientesdetarde.com\/index.php\/wp-json\/wp\/v2\/types\/post"}],"author":[{"embeddable":true,"href":"https:\/\/corrientesdetarde.com\/index.php\/wp-json\/wp\/v2\/users\/11"}],"replies":[{"embeddable":true,"href":"https:\/\/corrientesdetarde.com\/index.php\/wp-json\/wp\/v2\/comments?post=228736"}],"version-history":[{"count":1,"href":"https:\/\/corrientesdetarde.com\/index.php\/wp-json\/wp\/v2\/posts\/228736\/revisions"}],"predecessor-version":[{"id":228738,"href":"https:\/\/corrientesdetarde.com\/index.php\/wp-json\/wp\/v2\/posts\/228736\/revisions\/228738"}],"wp:featuredmedia":[{"embeddable":true,"href":"https:\/\/corrientesdetarde.com\/index.php\/wp-json\/wp\/v2\/media\/228737"}],"wp:attachment":[{"href":"https:\/\/corrientesdetarde.com\/index.php\/wp-json\/wp\/v2\/media?parent=228736"}],"wp:term":[{"taxonomy":"category","embeddable":true,"href":"https:\/\/corrientesdetarde.com\/index.php\/wp-json\/wp\/v2\/categories?post=228736"},{"taxonomy":"post_tag","embeddable":true,"href":"https:\/\/corrientesdetarde.com\/index.php\/wp-json\/wp\/v2\/tags?post=228736"}],"curies":[{"name":"wp","href":"https:\/\/api.w.org\/{rel}","templated":true}]}}