{"id":228741,"date":"2025-09-26T08:00:07","date_gmt":"2025-09-26T11:00:07","guid":{"rendered":"https:\/\/corrientesdetarde.com\/?p=228741"},"modified":"2025-09-26T08:00:09","modified_gmt":"2025-09-26T11:00:09","slug":"presentaron-el-operativo-de-seguridad-de-la-46a-peregrinacion-juvenil","status":"publish","type":"post","link":"https:\/\/corrientesdetarde.com\/index.php\/destacados\/presentaron-el-operativo-de-seguridad-de-la-46a-peregrinacion-juvenil\/","title":{"rendered":"Presentaron el operativo de seguridad de la 46\u00aa Peregrinaci\u00f3n Juvenil"},"content":{"rendered":"\n<p>La presentaci\u00f3n estuvo encabezada por el subsecretario de Seguridad, Osvaldo de los Santos Garc\u00eda, junto a las diferentes fuerzas y entidades que formar\u00e1n parte del dispositivo. Se extender\u00e1 durante todo el fin de semana.<\/p>\n\n\n\n<p>La 46\u00aa Peregrinaci\u00f3n Juvenil del NEA hacia la Bas\u00edlica de Nuestra Se\u00f1ora de Itat\u00ed ya est\u00e1 a la vuelta de la esquina. Por tal motivo, en el Sal\u00f3n Verde de Casa de Gobierno, personal policial present\u00f3 detalles del dispositivo de seguridad a implementarse en esta ocasi\u00f3n.<\/p>\n\n\n\n<p>Bajo el lema &#8220;Como Mar\u00eda, peregrinos de esperanza&#8221;, la muestra de fe de los j\u00f3venes se desarrollar\u00e1 entre los d\u00edas s\u00e1bado 27 y domingo 28 de septiembre.<\/p>\n\n\n\n<p>Estuvieron presentes el subsecretario de Seguridad, Osvaldo de los Santos Garc\u00eda, el director general de Seguridad Vial, Eduardo Felipe Dip, el asesor de la pastoral de la Juventud, presb\u00edtero Germ\u00e1n Rodr\u00edguez, el subdirector de Defensa Civil, Bruno Lovison, y dem\u00e1s autoridades.<\/p>\n\n\n\n<p>El encuentro tuvo como eje las distintas tem\u00e1ticas previstas e inherentes con los operativos de seguridad a concretarse. El comisario inspector Rub\u00e9n Dar\u00edo Godoy brind\u00f3 los detalles y el alcance de las medidas a adoptar desde del 26 al 28 septiembre para que el evento se desarrolle con total normalidad.<\/p>\n\n\n\n<p>Cabe destacar que se prev\u00e9 una masiva concurrencia de feligreses, utilizando principalmente para su desplazamiento la Ruta Nacional N\u00ba12; por lo que se llevar\u00e1 un operativo en conjunto desde el Ministerio de Seguridad con la Subsecretaria de Seguridad y la Polic\u00eda de la Provincia de Corrientes, a trav\u00e9s de su sus diferentes \u00e1reas.<\/p>\n\n\n\n<p>El operativo de seguridad se implementar\u00e1 durante y despu\u00e9s de la culminaci\u00f3n de todas las actividades religiosas previstas (peregrinaci\u00f3n y actos varios), a fin de brindar seguridad a los asistentes, peregrinos, m\u00f3viles y otras personas que se desplacen durante el trayecto que comprende la peregrinaci\u00f3n y en la localidad de Itat\u00ed, afectando para ello efectivos y m\u00f3viles policiales entre otros.<\/p>\n\n\n\n<p>El dispositivo se efectuar\u00e1 el 27 y 28 septiembre, tambi\u00e9n la seguridad vial y actuar ante cualquier circunstancia que amerite la intervenci\u00f3n policial para que el evento se desarrolle con total normalidad.<\/p>\n\n\n\n<p>El operativo contar\u00e1 con coordinaciones con las dem\u00e1s dependencias policiales, Gendarmer\u00eda y otras instituciones involucradas (Iglesias, Defensa Civil, Agencia Nacional de Seguridad Vial, Vialidad Provincial, Direcci\u00f3n Provincial de Energ\u00eda de Corrientes, Bomberos Voluntarios, Cruz Roja Argentina, Salud P\u00fablica, como as\u00ed y tambi\u00e9n las municipalidades de Itat\u00ed, San Cosme, Ramada Paso, Paso de la Patria y otras.<\/p>\n\n\n\n<p>De igual manera, se coordinar\u00e1 con las polic\u00edas de Chaco, Formosa, Misiones y Entre R\u00edos, para informar a los conductores en los controles policiales sobre el operativo.<\/p>\n\n\n\n<h2 class=\"wp-block-heading\">Redireccionamiento vehicular<\/h2>\n\n\n\n<p>Los camiones de carga de m\u00e1s de 3.500 kg, los d\u00edas 27 septiembre, desde las 0 hasta el 28 a las 19, ser\u00e1n redireccionados en los siguientes tramos.<\/p>\n\n\n\n<p>&#8211; Los camiones que circulan por Ruta Nacional N\u00ba12 desde Posadas hacia Corrientes Capital o Resistencia y viceversa deber\u00e1n hacerlo por Ruta Nacional N\u00ba118 que lleva hasta las Cuatro Bocas de Saladas y desde all\u00ed, retomar por Ruta 12 hacia Corrientes, Resistencia y otras zonas de esa regi\u00f3n.<\/p>\n\n\n\n<p>&#8211; Los camiones de menos de 3.500 Kg podr\u00e1n circular por Ruta Provincial N\u00b05 en ambos sentidos.<\/p>\n\n\n\n<figure class=\"wp-block-image\"><img decoding=\"async\" src=\"https:\/\/www.diarioepoca.com\/content\/bucket\/3\/1450453w380h132c.jpg.webp\" alt=\"\"\/><\/figure>\n\n\n\n<p>&#8211; Los veh\u00edculos de menor porte, desde la 0 del d\u00eda 27 septiembre hasta las 17 del 28, a excepci\u00f3n de aquellos que tengan domicilio en la zona, deber\u00e1n tomar otra v\u00eda alternativa de circulaci\u00f3n a fin de resguardar la integridad de los peregrinos.<\/p>\n\n\n\n<p>&#8211; Los camiones que ingresan a la ciudad por el puente Manuel Belgrano con destino al Norte o Sur del pa\u00eds deber\u00e1n hacerlo por avenida 3 de Abril hasta avenida Maip\u00fa, y desde all\u00ed hasta la Ruta Nacional N\u00ba12 para luego dirigirse hasta su intersecci\u00f3n con Ruta Nacional N\u00ba118 y retomar la Ruta N\u00ba12.<\/p>\n\n\n\n<p>Personal Policial de los controles camineros permanentes y m\u00f3viles informar\u00e1n respecto de la peregrinaci\u00f3n. Tambi\u00e9n estar\u00e1n en Ruta Nacional N\u00ba12 y avenida Maip\u00fa, rotonda de la Virgen de Itat\u00ed, Ruta Nacional N\u00ba12 y Ruta Provincial N\u00ba5, Ruta Provincial N\u00ba5 y calle C\u00e9sar \u00c1lvarez, Ruta Provincial N\u00ba5 \u0096 km 0,7 (frente a FACOR), avenida Centenario y avenida Laprida, avenida Libertad y avenida Laprida, avenida Libertad y Las Gardenias, Ruta Nacional N\u00ba12 y avenida Libertad, Ruta Nacional N\u00ba12 y avenida R\u00edo Chico, avenida R\u00edo Chico y Las Gardenias, Ruta Nacional N\u00ba12 y calle Ben\u00edtez, Ruta Nacional N\u00ba12 y Provincial N\u00ba43, Ruta Nacional N\u00ba12 y Provincial N\u00ba9 (Boquer\u00f3n) y Ruta Nacional N\u00ba12 Km 1072 (Parador del Peregrino).<\/p>\n\n\n\n<h2 class=\"wp-block-heading\">Recomendaciones<\/h2>\n\n\n\n<p>&#8211; Mantener el orden de la peregrinaci\u00f3n en el tr\u00e1nsito establecido por los organizadores.<\/p>\n\n\n\n<p>&#8211; Los veh\u00edculos de apoyo evitar\u00e1n estacionar en la banquina del sentido contrario al de la peregrinaci\u00f3n.<\/p>\n\n\n\n<p>&#8211; Los peregrinos deber\u00e1n utilizar \u00fanicamente como v\u00eda de desplazamiento, la bicisenda y banquina de la ruta.<\/p>\n\n\n\n<p>&#8211; En ning\u00fan caso se permitir\u00e1 la circulaci\u00f3n vehicular en doble fila, evitando de este modo el congestionamiento vehicular.<\/p>\n\n\n\n<p>&#8211; Los que circulen en motocicleta o bicicleta, deber\u00e1n hacerlo con la totalidad de los elementos de seguridad.<\/p>\n\n\n\n<p>&#8211; La columna de peregrinos deber\u00e1 desplazarse de la forma m\u00e1s compacta posible, evitando dispersiones lo que provocan desorganizaci\u00f3n y descontrol.<\/p>\n\n\n\n<h2 class=\"wp-block-heading\">Canon a los feligreses<\/h2>\n\n\n\n<figure class=\"wp-block-image\"><img decoding=\"async\" src=\"https:\/\/www.diarioepoca.com\/content\/bucket\/4\/1450454w380h198c.jpg.webp\" alt=\"\"\/><\/figure>\n\n\n\n<p>La Pastoral de Juventud de la Regi\u00f3n NEA envi\u00f3 un comunicado a las comunidades parroquiales, movimientos, coordinadores de los equipos diocesanos y fieles que peregrinar\u00e1n a la casa de la Virgen Morena para informar que se cobrar\u00e1 un canon para ingresar a la localidad.<\/p>\n\n\n\n<p>Remarcaron que, seg\u00fan Ordenanza 03\/2025 correspondiente al Municipio de Itat\u00ed, se estableci\u00f3 un canon para el ingreso a la ciudad durante la XLVI Peregrinaci\u00f3n Juvenil del NEA. Seg\u00fan dicha ordenanza municipal, el importe del cobro de estacionamiento anticipado ser\u00e1 de $5.000 para autos particulares, en tanto que para colectivos y camiones ser\u00e1 de $30.000. En cuanto a minibuses, el canon ser\u00e1 para residentes de $10.000 y no residentes $20.000.<\/p>\n\n\n\n<p>Cabe aclarar que la Pastoral de Juventud Regi\u00f3n NEA nada tiene que ver con dicha medida en el cobro a los veh\u00edculos, ya que se trata exclusivamente de una ordenanza propia del Municipio de Itat\u00ed y dicha tarifa municipal escapa a la entidad religiosa.<\/p>\n\n\n\n<p>De esta manera, comunicaron a las comunidades parroquiales y movimientos de las di\u00f3cesis del NEA para que est\u00e9n en conocimiento y prevean esos montos en sus gastos presupuestarios a modo de no tener inconvenientes en el acceso a la localidad el pr\u00f3ximo domingo 28 de septiembre, que es la jornada en que llegar\u00e1 el grueso de los peregrinos a la Bas\u00edlica de Itat\u00ed.<\/p>\n","protected":false},"excerpt":{"rendered":"<p>La presentaci\u00f3n estuvo encabezada por el subsecretario de Seguridad, Osvaldo de los Santos Garc\u00eda, junto a las diferentes fuerzas y entidades que formar\u00e1n parte del dispositivo. Se extender\u00e1 durante todo&hellip; <\/p>\n","protected":false},"author":3,"featured_media":228748,"comment_status":"closed","ping_status":"open","sticky":false,"template":"","format":"standard","meta":{"footnotes":""},"categories":[26],"tags":[],"class_list":["post-228741","post","type-post","status-publish","format-standard","has-post-thumbnail","hentry","category-destacados"],"_links":{"self":[{"href":"https:\/\/corrientesdetarde.com\/index.php\/wp-json\/wp\/v2\/posts\/228741","targetHints":{"allow":["GET"]}}],"collection":[{"href":"https:\/\/corrientesdetarde.com\/index.php\/wp-json\/wp\/v2\/posts"}],"about":[{"href":"https:\/\/corrientesdetarde.com\/index.php\/wp-json\/wp\/v2\/types\/post"}],"author":[{"embeddable":true,"href":"https:\/\/corrientesdetarde.com\/index.php\/wp-json\/wp\/v2\/users\/3"}],"replies":[{"embeddable":true,"href":"https:\/\/corrientesdetarde.com\/index.php\/wp-json\/wp\/v2\/comments?post=228741"}],"version-history":[{"count":1,"href":"https:\/\/corrientesdetarde.com\/index.php\/wp-json\/wp\/v2\/posts\/228741\/revisions"}],"predecessor-version":[{"id":228752,"href":"https:\/\/corrientesdetarde.com\/index.php\/wp-json\/wp\/v2\/posts\/228741\/revisions\/228752"}],"wp:featuredmedia":[{"embeddable":true,"href":"https:\/\/corrientesdetarde.com\/index.php\/wp-json\/wp\/v2\/media\/228748"}],"wp:attachment":[{"href":"https:\/\/corrientesdetarde.com\/index.php\/wp-json\/wp\/v2\/media?parent=228741"}],"wp:term":[{"taxonomy":"category","embeddable":true,"href":"https:\/\/corrientesdetarde.com\/index.php\/wp-json\/wp\/v2\/categories?post=228741"},{"taxonomy":"post_tag","embeddable":true,"href":"https:\/\/corrientesdetarde.com\/index.php\/wp-json\/wp\/v2\/tags?post=228741"}],"curies":[{"name":"wp","href":"https:\/\/api.w.org\/{rel}","templated":true}]}}