{"id":228742,"date":"2025-09-26T08:00:09","date_gmt":"2025-09-26T11:00:09","guid":{"rendered":"https:\/\/corrientesdetarde.com\/?p=228742"},"modified":"2025-09-26T08:00:22","modified_gmt":"2025-09-26T11:00:22","slug":"la-segunda-expo-rio-corrientes-invita-a-celebrar-la-cultura-y-la-economia-del-rio","status":"publish","type":"post","link":"https:\/\/corrientesdetarde.com\/index.php\/locales\/la-segunda-expo-rio-corrientes-invita-a-celebrar-la-cultura-y-la-economia-del-rio\/","title":{"rendered":"La Segunda Expo R\u00edo Corrientes invita a celebrar la cultura y la econom\u00eda del r\u00edo"},"content":{"rendered":"\n<p>El evento busca fomentar oportunidades de negocio y ventas de productos y servicios relacionados con la n\u00e1utica, la pesca, los deportes acu\u00e1ticos y m\u00e1s.<\/p>\n\n\n\n<p>Los d\u00edas s\u00e1bado 27 y domingo 28 de septiembre, la ciudad de Corrientes ser\u00e1 anfitriona de la Segunda Expo R\u00edo, un evento que se consolida como el principal punto de encuentro para la comunidad n\u00e1utica del Nordeste argentino. &nbsp;<\/p>\n\n\n\n<p>La exposici\u00f3n se llevar\u00e1 a cabo en la Playa Arazaty I y ofrecer\u00e1 una plataforma integral para el sector, celebrando la rica cultura del r\u00edo y su gran cadena de valor.<\/p>\n\n\n\n<p>&#8220;Expo R\u00edo es m\u00e1s que un evento; es un espacio de encuentro, negocios y concientizaci\u00f3n, es una experiencia que conecta a marcas, empresas, Pymes regionales y expositores nacionales con el p\u00fablico, en un entorno natural \u00fanico a orillas del r\u00edo Paran\u00e1&#8221;, explicaron los organizadores.&nbsp;<\/p>\n\n\n\n<p>El evento busca fomentar oportunidades de negocio y ventas de productos y servicios relacionados con la n\u00e1utica, la pesca, los deportes acu\u00e1ticos y m\u00e1s.<\/p>\n\n\n\n<p>Adem\u00e1s de su enfoque comercial, tiene como objetivo principal concientizar sobre la importancia y el cuidado de los r\u00edos, destacando su potencial como motor econ\u00f3mico y generador de empleo.&nbsp;<\/p>\n\n\n\n<p>En este sentido, se desarrollar\u00e1n charlas abiertas con la participaci\u00f3n de la Universidad Nacional del Nordeste (UNNE) y la Asociaci\u00f3n de Pescadores Deportivos del Litoral, que abordar\u00e1n temas como la pesca recreativa sustentable y la protecci\u00f3n del medio ambiente.<\/p>\n\n\n\n<p>Durante las dos jornadas, habr\u00e1 actividades para toda la familia y atracciones destacadas; los visitantes podr\u00e1n disfrutar de un programa completo que incluye:<\/p>\n\n\n\n<ul class=\"wp-block-list\">\n<li><strong>Exposiciones y stands:<\/strong>\u00a0marcas destacadas de pesca, n\u00e1utica, automotrices y servicios con test drives y muchas propuestas m\u00e1s.<\/li>\n\n\n\n<li><strong>Actividades deportivas:<\/strong>\u00a0demostraciones en vivo, clases gratuitas de deportes n\u00e1uticos, la Copa N\u00e1utica Expo R\u00edo y la primera edici\u00f3n de la Copa Expo R\u00edo de Beach V\u00f3ley.<\/li>\n\n\n\n<li><strong>Cultura y entretenimiento:<\/strong>\u00a0una gran feria de artistas y artesanos, seleccionados por la Federaci\u00f3n de Artesanas y Artesanos de la Argentina y la Fundaci\u00f3n Chaco Cultural, shows de DJs locales, desfile y un espectacular cierre con la Comparsa Ar\u00e1 Ber\u00e1.<\/li>\n\n\n\n<li><strong>Sorteos:<\/strong>\u00a0la exposici\u00f3n culminar\u00e1 con el gran sorteo de una moto Honda Navi 2025 y muchas sorpresas m\u00e1s para todos los presentes.<\/li>\n<\/ul>\n\n\n\n<p>La Segunda Expo R\u00edo Corrientes invita a toda la comunidad a sumarse a esta celebraci\u00f3n de dos d\u00edas que promete ser una experiencia inolvidable, combinando diversi\u00f3n, aprendizaje y un profundo respeto por nuestro entorno natural.<\/p>\n","protected":false},"excerpt":{"rendered":"<p>El evento busca fomentar oportunidades de negocio y ventas de productos y servicios relacionados con la n\u00e1utica, la pesca, los deportes acu\u00e1ticos y m\u00e1s. Los d\u00edas s\u00e1bado 27 y domingo&hellip; <\/p>\n","protected":false},"author":3,"featured_media":228749,"comment_status":"closed","ping_status":"open","sticky":false,"template":"","format":"standard","meta":{"footnotes":""},"categories":[8],"tags":[],"class_list":["post-228742","post","type-post","status-publish","format-standard","has-post-thumbnail","hentry","category-locales"],"_links":{"self":[{"href":"https:\/\/corrientesdetarde.com\/index.php\/wp-json\/wp\/v2\/posts\/228742","targetHints":{"allow":["GET"]}}],"collection":[{"href":"https:\/\/corrientesdetarde.com\/index.php\/wp-json\/wp\/v2\/posts"}],"about":[{"href":"https:\/\/corrientesdetarde.com\/index.php\/wp-json\/wp\/v2\/types\/post"}],"author":[{"embeddable":true,"href":"https:\/\/corrientesdetarde.com\/index.php\/wp-json\/wp\/v2\/users\/3"}],"replies":[{"embeddable":true,"href":"https:\/\/corrientesdetarde.com\/index.php\/wp-json\/wp\/v2\/comments?post=228742"}],"version-history":[{"count":1,"href":"https:\/\/corrientesdetarde.com\/index.php\/wp-json\/wp\/v2\/posts\/228742\/revisions"}],"predecessor-version":[{"id":228756,"href":"https:\/\/corrientesdetarde.com\/index.php\/wp-json\/wp\/v2\/posts\/228742\/revisions\/228756"}],"wp:featuredmedia":[{"embeddable":true,"href":"https:\/\/corrientesdetarde.com\/index.php\/wp-json\/wp\/v2\/media\/228749"}],"wp:attachment":[{"href":"https:\/\/corrientesdetarde.com\/index.php\/wp-json\/wp\/v2\/media?parent=228742"}],"wp:term":[{"taxonomy":"category","embeddable":true,"href":"https:\/\/corrientesdetarde.com\/index.php\/wp-json\/wp\/v2\/categories?post=228742"},{"taxonomy":"post_tag","embeddable":true,"href":"https:\/\/corrientesdetarde.com\/index.php\/wp-json\/wp\/v2\/tags?post=228742"}],"curies":[{"name":"wp","href":"https:\/\/api.w.org\/{rel}","templated":true}]}}