{"id":228859,"date":"2025-09-27T08:20:00","date_gmt":"2025-09-27T11:20:00","guid":{"rendered":"https:\/\/corrientesdetarde.com\/?p=228859"},"modified":"2025-09-27T09:00:20","modified_gmt":"2025-09-27T12:00:20","slug":"una-mujer-murio-aplastada-por-un-arbol-que-cayo-sobre-su-auto-en-mendoza","status":"publish","type":"post","link":"https:\/\/corrientesdetarde.com\/index.php\/informacion-general\/una-mujer-murio-aplastada-por-un-arbol-que-cayo-sobre-su-auto-en-mendoza\/","title":{"rendered":"Una mujer muri\u00f3 aplastada por un \u00e1rbol que cay\u00f3 sobre su auto en Mendoza."},"content":{"rendered":"\n<h2 class=\"wp-block-heading\">Los fuertes vientos mantienen a la provincia en Alerta Naranja. Defensa Civil comparti\u00f3 una serie de recomendaciones de seguridad.<\/h2>\n\n\n\n<p><strong>Una mujer muri\u00f3 este viernes en Mendoza<\/strong>, luego de que un \u00e1rbol quebrara y cayera sobre el Fiat 1 que manejaba. La persona, de 37 a\u00f1os,&nbsp;<strong>falleci\u00f3 en el acto<\/strong>.<\/p>\n\n\n\n<p>Aunque el equipo m\u00e9dico intent\u00f3 socorrer a la mujer, no fue posible reanimarla. Durante las \u00faltimas horas,\u00a0<strong>se alert\u00f3 acerca de los riesgos de las r\u00e1fagas de vientos en la provincia<\/strong>, que alcanzaban los 100 kil\u00f3metros por hora.<\/p>\n\n\n\n<p>Adem\u00e1s de la se\u00f1ora, quien muri\u00f3 en Maip\u00fa, un motociclista sufri\u00f3 un accidente similar en Las Heras.\u00a0<strong>Un \u00e1rbol cay\u00f3 sobre \u00e9l<\/strong>\u00a0y tuvo una fractura expuesta. Al menos\u00a0<strong>342 \u00e1rboles cayeron<\/strong>\u00a0por los fuertes vientos en toda la Provincia de Mendoza. Tambi\u00e9n hubo al menos 26 voladuras de techos.<\/p>\n\n\n\n<h2 class=\"wp-block-heading\">Da\u00f1os en toda la provincia de Mendoza<\/h2>\n\n\n\n<p>En San Mart\u00edn, el&nbsp;<em>Diario Los Andes<\/em>&nbsp;report\u00f3 que&nbsp;<strong>una nena de 13 a\u00f1os tambi\u00e9n sufri\u00f3 heridas<\/strong>&nbsp;por la ca\u00edda de un \u00e1rbol. En Maip\u00fa se report\u00f3 que, por un incendio en una f\u00e1brica,&nbsp;<strong>un hombre se intoxic\u00f3<\/strong>&nbsp;con productos qu\u00edmicos.<\/p>\n\n\n\n<figure class=\"wp-block-image\"><img decoding=\"async\" src=\"https:\/\/tn.com.ar\/resizer\/v2\/las-alertas-se-mantienen-en-zonas-de-mendoza-san-juan-y-cordoba-foto-servicio-meteorologico-nacional-MVGJTCNPDNH5FGAWFXTXU22CR4.png?auth=97ad90b113ca4d05dee2d46e9ce8e7bac959c06cf07060174066e620eeb33a6a&amp;width=767\" alt=\"Las alertas se mantienen en zonas de Mendoza, San Juan y C\u00f3rdoba. (Foto: Servicio Meteorol\u00f3gico Nacional)\"\/><figcaption class=\"wp-element-caption\">Las alertas se mantienen en zonas de Mendoza, San Juan y C\u00f3rdoba. (Foto: Servicio Meteorol\u00f3gico Nacional)<\/figcaption><\/figure>\n\n\n\n<p>De acuerdo con el Servicio Meteorol\u00f3gico Nacional, la Provincia de Mendoza est\u00e1 en Alerta Naranja. Desde este jueves, se advirti\u00f3 sobre la posibilidad de&nbsp;<strong>tormentas fuertes, viento Zonda en sectores de la precordillera y Malarg\u00fce, y r\u00e1fagas intensas<\/strong>&nbsp;sobre buena parte de la provincia.<\/p>\n\n\n\n<p>El viento Zonda es un fen\u00f3meno por el cual hay reducci\u00f3n de la visibilidad, un aumento repentino de la temperatura y condiciones de humedad relativa muy bajas. Ante una Alerta Naranja,&nbsp;<strong>es fundamental mantenerse bajo techo<\/strong>&nbsp;y, en caso de estar en la calle, evitar permanecer cerca de los \u00e1rboles. Se esperan fuertes vientos tambi\u00e9n en algunas zonas de<strong>&nbsp;C\u00f3rdoba, San Juan<\/strong>&nbsp;y&nbsp;<strong>San Luis<\/strong>, con r\u00e1fagas por sobre los 100 kil\u00f3metros por hora.<\/p>\n\n\n\n<p>Defensa Civil recomend\u00f3 a la poblaci\u00f3n mantenerse atenta a las actualizaciones oficiales, asegurar objetos sueltos que puedan volarse, no refugiarse bajo \u00e1rboles durante las tormentas y tomar precauciones ante el viento Zonda, como evitar la exposici\u00f3n prolongada al aire libre y mantenerse hidratados.<\/p>\n\n\n\n<p>Para tener un reporte directo sobre la situaci\u00f3n clim\u00e1tica,&nbsp;<strong>se recomienda descargar la aplicaci\u00f3n del Servicio Meteorol\u00f3gico Nacional<\/strong>. A trav\u00e9s de notificaciones, aporta informaci\u00f3n precisa sobre el panorama meteorol\u00f3gico en la Argentina.<\/p>\n\n\n\n<p><\/p>\n","protected":false},"excerpt":{"rendered":"<p>Los fuertes vientos mantienen a la provincia en Alerta Naranja. Defensa Civil comparti\u00f3 una serie de recomendaciones de seguridad. Una mujer muri\u00f3 este viernes en Mendoza, luego de que un&hellip; <\/p>\n","protected":false},"author":6,"featured_media":228863,"comment_status":"closed","ping_status":"open","sticky":false,"template":"","format":"standard","meta":{"footnotes":""},"categories":[1],"tags":[],"class_list":["post-228859","post","type-post","status-publish","format-standard","has-post-thumbnail","hentry","category-informacion-general"],"_links":{"self":[{"href":"https:\/\/corrientesdetarde.com\/index.php\/wp-json\/wp\/v2\/posts\/228859","targetHints":{"allow":["GET"]}}],"collection":[{"href":"https:\/\/corrientesdetarde.com\/index.php\/wp-json\/wp\/v2\/posts"}],"about":[{"href":"https:\/\/corrientesdetarde.com\/index.php\/wp-json\/wp\/v2\/types\/post"}],"author":[{"embeddable":true,"href":"https:\/\/corrientesdetarde.com\/index.php\/wp-json\/wp\/v2\/users\/6"}],"replies":[{"embeddable":true,"href":"https:\/\/corrientesdetarde.com\/index.php\/wp-json\/wp\/v2\/comments?post=228859"}],"version-history":[{"count":1,"href":"https:\/\/corrientesdetarde.com\/index.php\/wp-json\/wp\/v2\/posts\/228859\/revisions"}],"predecessor-version":[{"id":228865,"href":"https:\/\/corrientesdetarde.com\/index.php\/wp-json\/wp\/v2\/posts\/228859\/revisions\/228865"}],"wp:featuredmedia":[{"embeddable":true,"href":"https:\/\/corrientesdetarde.com\/index.php\/wp-json\/wp\/v2\/media\/228863"}],"wp:attachment":[{"href":"https:\/\/corrientesdetarde.com\/index.php\/wp-json\/wp\/v2\/media?parent=228859"}],"wp:term":[{"taxonomy":"category","embeddable":true,"href":"https:\/\/corrientesdetarde.com\/index.php\/wp-json\/wp\/v2\/categories?post=228859"},{"taxonomy":"post_tag","embeddable":true,"href":"https:\/\/corrientesdetarde.com\/index.php\/wp-json\/wp\/v2\/tags?post=228859"}],"curies":[{"name":"wp","href":"https:\/\/api.w.org\/{rel}","templated":true}]}}