{"id":228870,"date":"2025-09-27T09:15:05","date_gmt":"2025-09-27T12:15:05","guid":{"rendered":"https:\/\/corrientesdetarde.com\/?p=228870"},"modified":"2025-09-27T09:15:20","modified_gmt":"2025-09-27T12:15:20","slug":"beatles-y-gardel-imponen-la-agenda-cultural-portena","status":"publish","type":"post","link":"https:\/\/corrientesdetarde.com\/index.php\/cultura\/beatles-y-gardel-imponen-la-agenda-cultural-portena\/","title":{"rendered":"BEATLES Y GARDEL IMPONEN LA AGENDA  CULTURAL PORTE\u00d1A"},"content":{"rendered":"\n<p>(Bel\u00e9n Papa Orfano ) Este fin de semana porte\u00f1o llega con una agenda marcada por la m\u00fasica. Para los m\u00e1s chicos habr\u00e1 adaptaciones de Los Beatles, mientras que los m\u00e1s grandes tendr\u00e1n un show dedicado a Carlos Gardel. Y los j\u00f3venes, y los no tanto, podr\u00e1n disfrutar de un show de cl\u00e1sicos del rock nacional.<\/p>\n\n\n\n<p><strong>ARTE<\/strong><\/p>\n\n\n\n<p>La muestra itinerante con 70 a\u00f1os de historia, World Press Photo, re\u00fane las 150 fotograf\u00edas m\u00e1s impactantes de 2024, una colecci\u00f3n que ofrece una mirada poderosa a los eventos globales que definieron el a\u00f1o que pas\u00f3. Se exhibe en el Centro Cultural Recoleta (Jun\u00edn 1930) hasta el 12 de octubre. La entrada es libre y sin costo para argentinos y residentes.<\/p>\n\n\n\n<p>Centro Cultural Recoleta &#8211; Jun\u00edn 1930<\/p>\n\n\n\n<p><strong>M\u00daSICA<\/strong><\/p>\n\n\n\n<p>El ciclo Canci\u00f3n sobre canci\u00f3n, un tributo al rock nacional de los 80 presenta Los Atorrantos, una agrupaci\u00f3n integrada por Tatito, Facu I\u00f1igo, Lauti, Panchito Villa y Agucci. El quinteto recorre la escena musical porte\u00f1a con una propuesta que abarca desde el indie hasta el rock and roll. En un formato unplugged (guitarras y piano) al estilo fog\u00f3n, los m\u00fasicos interpretar\u00e1n versiones de cl\u00e1sicos del rock nacional (Charly Garc\u00eda, Fito P\u00e1ez, Daniel Melero, Andr\u00e9s Calamaro, Ratones Paranoicos, entre otros) intercambi\u00e1ndose mutuamente los instrumentos y rotando en el rol de la voz principal.&nbsp;<\/p>\n\n\n\n<p>Se presentar\u00e1n el viernes 26 a las 19.30 h en la Capilla del Centro Cultural Recoleta. La entrada es libre y sin costo para residentes y argentinos y el ingreso por orden de llegada hasta completar la capacidad del espacio.&nbsp;<\/p>\n\n\n\n<p>Centro Cultural Recoleta &#8211; Jun\u00edn 1930&nbsp;<\/p>\n\n\n\n<p><strong>CINE<\/strong><\/p>\n\n\n\n<p>Del 24 al 28 de septiembre en el Centro Cultural 25 de Mayo se llevar\u00e1 a cabo el 37\u00b0 Festival La Mujer y el Cine. &nbsp;El viernes 26 a las 13 h se proyectar\u00e1 Mala Sangre de Gisela S\u00e1nchez; a las 14.30 h, La llegada del hijo de Cecilia At\u00e1n y Valeria Pivato; el s\u00e1bado 27 a las 13 h se proyectar\u00e1 Antes del cuerpo de Carina Piazza y Luc\u00eda Bracelis; a las 14.30 h, La noche sin m\u00ed de Laura Berch y Laura Chiabrando; y el domingo 28 a las 10.30 h se proyectar\u00e1 El sue\u00f1o imposible de Paula Romero Levit.&nbsp;<\/p>\n\n\n\n<p>Centro Cultural 25 de Mayo &#8211; Av. Triunvirato 4444<\/p>\n\n\n\n<p><strong>TEATRO<\/strong><\/p>\n\n\n\n<p>El Troesma es un espect\u00e1culo gardeliano con narraciones y direcci\u00f3n de Marcelo Mazzarello. Cuenta con la participaci\u00f3n de los cantores Luis Correa y Flor Lazarte y la Orquesta del Plata en vivo coordinada por Poly P\u00e9rez. Se presentar\u00e1 el s\u00e1bado 27 a las 20 horas en el Centro Cultural 25 de Mayo. La entrada es &nbsp;sin costo con reserva previa en la web de Entradas BA y en la boleter\u00eda del teatro.<\/p>\n\n\n\n<p>Centro Cultural 25 de Mayo &#8211; Av. Triunvirato 4444<\/p>\n\n\n\n<p><strong>PARA LOS M\u00c1S CHICOS<\/strong><\/p>\n\n\n\n<p>Nube 9 &#8211; Beatles para chicos, la banda argentina que desde el a\u00f1o 2001 recorre el mundo homenajeando la m\u00fasica de The Beatles, presentar\u00e1 un show interactivo basado en recorrer las canciones del grupo de Liverpool con melod\u00edas m\u00e1s contagiosas y aptas para los m\u00e1s peque\u00f1os. Se presentar\u00e1n el domingo 28 a las 11.30 horas en la Usina del Arte.&nbsp;<\/p>\n\n\n\n<p>Usina del Arte &#8211; Agust\u00edn R. Caffarena<\/p>\n","protected":false},"excerpt":{"rendered":"<p>(Bel\u00e9n Papa Orfano ) Este fin de semana porte\u00f1o llega con una agenda marcada por la m\u00fasica. Para los m\u00e1s chicos habr\u00e1 adaptaciones de Los Beatles, mientras que los m\u00e1s&hellip; <\/p>\n","protected":false},"author":11,"featured_media":228871,"comment_status":"closed","ping_status":"open","sticky":false,"template":"","format":"standard","meta":{"footnotes":""},"categories":[15],"tags":[],"class_list":["post-228870","post","type-post","status-publish","format-standard","has-post-thumbnail","hentry","category-cultura"],"_links":{"self":[{"href":"https:\/\/corrientesdetarde.com\/index.php\/wp-json\/wp\/v2\/posts\/228870","targetHints":{"allow":["GET"]}}],"collection":[{"href":"https:\/\/corrientesdetarde.com\/index.php\/wp-json\/wp\/v2\/posts"}],"about":[{"href":"https:\/\/corrientesdetarde.com\/index.php\/wp-json\/wp\/v2\/types\/post"}],"author":[{"embeddable":true,"href":"https:\/\/corrientesdetarde.com\/index.php\/wp-json\/wp\/v2\/users\/11"}],"replies":[{"embeddable":true,"href":"https:\/\/corrientesdetarde.com\/index.php\/wp-json\/wp\/v2\/comments?post=228870"}],"version-history":[{"count":1,"href":"https:\/\/corrientesdetarde.com\/index.php\/wp-json\/wp\/v2\/posts\/228870\/revisions"}],"predecessor-version":[{"id":228872,"href":"https:\/\/corrientesdetarde.com\/index.php\/wp-json\/wp\/v2\/posts\/228870\/revisions\/228872"}],"wp:featuredmedia":[{"embeddable":true,"href":"https:\/\/corrientesdetarde.com\/index.php\/wp-json\/wp\/v2\/media\/228871"}],"wp:attachment":[{"href":"https:\/\/corrientesdetarde.com\/index.php\/wp-json\/wp\/v2\/media?parent=228870"}],"wp:term":[{"taxonomy":"category","embeddable":true,"href":"https:\/\/corrientesdetarde.com\/index.php\/wp-json\/wp\/v2\/categories?post=228870"},{"taxonomy":"post_tag","embeddable":true,"href":"https:\/\/corrientesdetarde.com\/index.php\/wp-json\/wp\/v2\/tags?post=228870"}],"curies":[{"name":"wp","href":"https:\/\/api.w.org\/{rel}","templated":true}]}}