{"id":228875,"date":"2025-09-27T09:19:46","date_gmt":"2025-09-27T12:19:46","guid":{"rendered":"https:\/\/corrientesdetarde.com\/?p=228875"},"modified":"2025-09-27T09:19:58","modified_gmt":"2025-09-27T12:19:58","slug":"la-alumna-que-disparo-dentro-de-una-escuela-recibio-el-alta-medica-y-podra-volver-a-clases","status":"publish","type":"post","link":"https:\/\/corrientesdetarde.com\/index.php\/policiales\/la-alumna-que-disparo-dentro-de-una-escuela-recibio-el-alta-medica-y-podra-volver-a-clases\/","title":{"rendered":"La alumna que dispar\u00f3 dentro de una escuela recibi\u00f3 el alta m\u00e9dica y podr\u00e1 volver a clases."},"content":{"rendered":"\n<h2 class=\"wp-block-heading\">La adolescente se encuentra en buen estado de salud. En los pr\u00f3ximos d\u00edas, las autoridades decidir\u00e1n la modalidad educativa que adoptar\u00e1 la estudiante.<\/h2>\n\n\n\n<p>La alumna de 14 a\u00f1os que el pasado\u00a0<strong>10 de septiembre<\/strong>\u00a0se atrincher\u00f3 con un arma en una escuela de Mendoza\u00a0fue dada de\u00a0<strong>alta m\u00e9dica<\/strong>\u00a0este viernes, seg\u00fan informaron fuentes del Ministerio de Salud.<\/p>\n\n\n\n<p>La adolescente, hija de un polic\u00eda de San Luis,&nbsp;<strong>se encuentra en \u201cbuen estado\u201d de salud.<\/strong>&nbsp;El hecho gener\u00f3 conmoci\u00f3n en la provincia y mantuvo en vilo a las autoridades durante casi seis horas, hasta que la polic\u00eda logr\u00f3 controlar la situaci\u00f3n y la menor entreg\u00f3 el arma 9mm. mediante la cual&nbsp;<strong>realiz\u00f3 dos disparos.<\/strong><\/p>\n\n\n\n<p>A pesar del alta, la Direcci\u00f3n de Salud Mental continuar\u00e1 evaluando a la alumna mediante&nbsp;<strong>controles recientes<\/strong>&nbsp;para determinar el momento en que podr\u00e1 retomar sus clases. En los pr\u00f3ximos d\u00edas, la Direcci\u00f3n de Acompa\u00f1amiento Escolar (DAE) y el Servicio de Orientaci\u00f3n Escolar decidir\u00e1n&nbsp;<strong>las medidas a seguir y la modalidad educativa que adoptar\u00e1.<\/strong><\/p>\n\n\n\n<p>La titular de la DAE,&nbsp;<strong>Carina Gannam<\/strong>, se\u00f1al\u00f3 que \u201cla forma en que regrese a la escolaridad depender\u00e1 mucho de lo que recomienden los profesionales, y en ello ya se est\u00e1 trabajando\u201d. Una de las posibilidades es la&nbsp;<strong>escolaridad protegida<\/strong>, que permite a estudiantes de nivel secundario completar sus estudios de forma&nbsp;<strong>remota<\/strong>&nbsp;desde sus hogares, evitando el regreso presencial al establecimiento.<\/p>\n\n\n\n<p>En el plano judicial, el diario&nbsp;<em>Los Andes<\/em>&nbsp;confirm\u00f3 que a la chica&nbsp;<strong>no se le pudo realizar la entrevista en C\u00e1mara Gesell,&nbsp;<\/strong>un mecanismo reservado para tomar declaraci\u00f3n a personas en situaci\u00f3n de vulnerabilidad, como los menores de edad, en un ambiente amigable.<\/p>\n\n\n\n<p>Seg\u00fan destacaron las fuentes, ya en el encuentro preliminar se detect\u00f3 que&nbsp;<strong>la alumna \u201cno estaba \u00f3ptima\u201d para enfrentar a los profesionales de la salud mental<\/strong>&nbsp;en esa evaluaci\u00f3n, lo que impidi\u00f3 avanzar con la instancia.<\/p>\n\n\n\n<p>Respecto\u00a0al m\u00f3vil del incidente, si bien allegados a la menor hab\u00edan se\u00f1alado en su momento que \u201ctoda la semana fue v\u00edctima de\u00a0<strong>bullying por un video<\/strong>\u201c, fuentes judiciales confirmaron que\u00a0<strong>\u201cen ning\u00fan momento la adolescente mencion\u00f3 haber sufrido bullying, ciber bullying o grooming\u201d<\/strong>\u00a0durante las intervenciones.<\/p>\n\n\n\n<p>En cuanto al personal docente implicado en el hecho, se inform\u00f3 que&nbsp;<strong>dos de ellos permanecen con licencia<\/strong>, aunque ninguno requiri\u00f3 hospitalizaci\u00f3n.<\/p>\n","protected":false},"excerpt":{"rendered":"<p>La adolescente se encuentra en buen estado de salud. En los pr\u00f3ximos d\u00edas, las autoridades decidir\u00e1n la modalidad educativa que adoptar\u00e1 la estudiante. La alumna de 14 a\u00f1os que el&hellip; <\/p>\n","protected":false},"author":6,"featured_media":228878,"comment_status":"closed","ping_status":"open","sticky":false,"template":"","format":"standard","meta":{"footnotes":""},"categories":[33],"tags":[],"class_list":["post-228875","post","type-post","status-publish","format-standard","has-post-thumbnail","hentry","category-policiales"],"_links":{"self":[{"href":"https:\/\/corrientesdetarde.com\/index.php\/wp-json\/wp\/v2\/posts\/228875","targetHints":{"allow":["GET"]}}],"collection":[{"href":"https:\/\/corrientesdetarde.com\/index.php\/wp-json\/wp\/v2\/posts"}],"about":[{"href":"https:\/\/corrientesdetarde.com\/index.php\/wp-json\/wp\/v2\/types\/post"}],"author":[{"embeddable":true,"href":"https:\/\/corrientesdetarde.com\/index.php\/wp-json\/wp\/v2\/users\/6"}],"replies":[{"embeddable":true,"href":"https:\/\/corrientesdetarde.com\/index.php\/wp-json\/wp\/v2\/comments?post=228875"}],"version-history":[{"count":1,"href":"https:\/\/corrientesdetarde.com\/index.php\/wp-json\/wp\/v2\/posts\/228875\/revisions"}],"predecessor-version":[{"id":228879,"href":"https:\/\/corrientesdetarde.com\/index.php\/wp-json\/wp\/v2\/posts\/228875\/revisions\/228879"}],"wp:featuredmedia":[{"embeddable":true,"href":"https:\/\/corrientesdetarde.com\/index.php\/wp-json\/wp\/v2\/media\/228878"}],"wp:attachment":[{"href":"https:\/\/corrientesdetarde.com\/index.php\/wp-json\/wp\/v2\/media?parent=228875"}],"wp:term":[{"taxonomy":"category","embeddable":true,"href":"https:\/\/corrientesdetarde.com\/index.php\/wp-json\/wp\/v2\/categories?post=228875"},{"taxonomy":"post_tag","embeddable":true,"href":"https:\/\/corrientesdetarde.com\/index.php\/wp-json\/wp\/v2\/tags?post=228875"}],"curies":[{"name":"wp","href":"https:\/\/api.w.org\/{rel}","templated":true}]}}