{"id":228876,"date":"2025-09-27T09:23:08","date_gmt":"2025-09-27T12:23:08","guid":{"rendered":"https:\/\/corrientesdetarde.com\/?p=228876"},"modified":"2025-09-27T09:23:13","modified_gmt":"2025-09-27T12:23:13","slug":"atraparon-en-bolivia-al-quinto-detenido-por-el-triple-crimen-de-florencio-varela","status":"publish","type":"post","link":"https:\/\/corrientesdetarde.com\/index.php\/policiales\/atraparon-en-bolivia-al-quinto-detenido-por-el-triple-crimen-de-florencio-varela\/","title":{"rendered":"Atraparon en Bolivia al quinto detenido por el triple crimen de Florencio Varela."},"content":{"rendered":"\n<h2 class=\"wp-block-heading\">Se trata del hombre que manej\u00f3 la camioneta donde Brenda, Morena y Lara fueron vistas por \u00faltima vez. Fue capturado en Villaz\u00f3n, en la frontera con Jujuy.<\/h2>\n\n\n\n<p>La investigaci\u00f3n del\u00a0<strong>triple crimen de Florencio Varela<\/strong> sum\u00f3 un\u00a0<strong>quinto detenido<\/strong>\u00a0en la noche del viernes: la polic\u00eda detuvo en\u00a0<strong>Bolivia<\/strong>\u00a0a\u00a0<strong>L\u00e1zaro V\u00edctor Sotacuro<\/strong>, el chofer de la camioneta blanca en la que\u00a0<strong>Brenda Del Castillo, Morena Verdi y Lara Guti\u00e9rrez<\/strong>\u00a0fueron vistas con vida por \u00faltima vez.<\/p>\n\n\n\n<p>La detenci\u00f3n del sospechoso,&nbsp;<strong>de 41 a\u00f1os y nacionalidad peruana<\/strong>, se produjo en un hostal de la localidad de&nbsp;<strong>Villaz\u00f3n<\/strong>, en la frontera con La Quiaca.<\/p>\n\n\n\n<p>Sotacuro era uno de los pr\u00f3fugos m\u00e1s buscados por el brutal triple femicidio que estremeci\u00f3 al pa\u00eds durante la \u00faltima semana.<\/p>\n\n\n\n<p>La ministra de Seguridad,&nbsp;<strong>Patricia Bullrich<\/strong>, y el gobernador de Jujuy,&nbsp;<strong>Carlos Sadir<\/strong>, confirmaron la detenci\u00f3n a trav\u00e9s de sus redes sociales. Ambos destacaron el trabajo conjunto entre la&nbsp;<strong>Polic\u00eda de Jujuy<\/strong>&nbsp;y las fuerzas federales, que siguieron el rastro del sospechoso desde Santiago del Estero hasta la frontera.<\/p>\n\n\n\n<figure class=\"wp-block-image\"><img decoding=\"async\" src=\"https:\/\/tn.com.ar\/resizer\/v2\/sotacuro-es-dueno-de-la-camioneta-donde-las-chicas-fueron-vistas-con-vida-por-ultima-vez-foto-policia-de-jujuy-5G7KWEWQQBG5XN5DAUVJ4CWBX4.jfif?auth=3236358e2e686976375b29bf688f42e4245ddbecf06c4650c926024340c58238&amp;width=767\" alt=\"Sotacuro es due\u00f1o de la camioneta donde las chicas fueron vistas con vida por \u00faltima vez. (Foto: Polic\u00eda de Jujuy)\"\/><figcaption class=\"wp-element-caption\">Sotacuro es due\u00f1o de la camioneta donde las chicas fueron vistas con vida por \u00faltima vez. (Foto: Polic\u00eda de Jujuy)<\/figcaption><\/figure>\n\n\n\n<h2 class=\"wp-block-heading\">C\u00f3mo cay\u00f3 Sotacuro<\/h2>\n\n\n\n<p>La investigaci\u00f3n se aceler\u00f3 cuando se supo que Sotacuro&nbsp;<strong>hab\u00eda viajado en micro a Jujuy.<\/strong>&nbsp;Desde all\u00ed, la pista llev\u00f3 a los agentes hasta Bolivia, donde finalmente lograron atraparlo.<\/p>\n\n\n\n<p>\u201cEn instantes ser\u00e1 trasladado a dependencias de la DFI de la PFA\u201d, anunci\u00f3 Bullrich, y confirm\u00f3 que ya est\u00e1 en marcha el proceso de extradici\u00f3n para que el acusado responda ante la Justicia argentina.<\/p>\n\n\n\n<figure class=\"wp-block-image\"><img decoding=\"async\" src=\"https:\/\/tn.com.ar\/resizer\/v2\/el-sospechoso-es-lazaro-victor-sotacuro-quien-fue-atrapado-en-la-ciudad-de-villazon-en-bolivia-WTALWKNXSZH3XCQCYMKJATS35E.jpg?auth=4d839028b23703b8d58d10c4524986f970433ce52f48c87fc689f9f4d0545a3d&amp;width=767\" alt=\"El sospechoso es L\u00e1zaro Victor Sotacuro, quien fue atrapado en la ciudad de Villaz\u00f3n, en Bolivia.\"\/><figcaption class=\"wp-element-caption\">El sospechoso es L\u00e1zaro Victor Sotacuro, quien fue atrapado en la ciudad de Villaz\u00f3n, en Bolivia.<\/figcaption><\/figure>\n\n\n\n<p>La secretaria de Seguridad Nacional,\u00a0<strong>Alejandra Monteoliva<\/strong>, dio detalles de la captura. \u201cSabemos que es propietario de uno de los veh\u00edculos vinculados en el hecho y que por eso se habr\u00eda dado a la fuga. Esta noche, entre las 20 y las 20:30, fue aprehendido en el l\u00edmite de la ciudad de Villaz\u00f3n\u201d, indic\u00f3.<\/p>\n\n\n\n<h2 class=\"wp-block-heading\">El triple crimen que sacudi\u00f3 a Florencio Varela: este es \u201cPeque\u00f1o J\u201d, el principal acusado<\/h2>\n\n\n\n<p>El caso estall\u00f3 cuando los cuerpos de&nbsp;<strong>Brenda, Morena y Lara<\/strong>&nbsp;aparecieron enterrados y con signos de tortura en una casa de Florencio Varela. La investigaci\u00f3n avanz\u00f3 r\u00e1pido y ya hay&nbsp;<strong>cinco detenidos<\/strong>. Sotacuro era una pieza clave: fue el \u00faltimo en ser visto con las chicas antes del crimen.<\/p>\n\n\n\n<p>En la noche del viernes, la Justicia emiti\u00f3&nbsp;<strong>una orden de captura nacional e internacional&nbsp;<\/strong>contra&nbsp;<strong>Victoriano Tony Janzen Valverde<\/strong>, alias&nbsp;<strong>\u201cPeque\u00f1o J\u201d<\/strong>, acusado de ser el autor intelectual del hecho. Tambi\u00e9n buscan a quien ser\u00eda su mano derecha,&nbsp;<strong>Mat\u00edas Agust\u00edn Ozorio<\/strong>, de 28 a\u00f1os.<\/p>\n\n\n\n<p>Para los investigadores, Valverde ser\u00eda el l\u00edder de la organizaci\u00f3n delictiva que&nbsp;<strong>habr\u00eda planeado todo<\/strong>: desde la trampa de la fiesta hasta la transmisi\u00f3n en vivo del crimen. Por estas horas,&nbsp;<strong>es el criminal m\u00e1s buscado del pa\u00eds.<\/strong><\/p>\n","protected":false},"excerpt":{"rendered":"<p>Se trata del hombre que manej\u00f3 la camioneta donde Brenda, Morena y Lara fueron vistas por \u00faltima vez. Fue capturado en Villaz\u00f3n, en la frontera con Jujuy. La investigaci\u00f3n del\u00a0triple&hellip; <\/p>\n","protected":false},"author":6,"featured_media":228880,"comment_status":"closed","ping_status":"open","sticky":false,"template":"","format":"standard","meta":{"footnotes":""},"categories":[33],"tags":[],"class_list":["post-228876","post","type-post","status-publish","format-standard","has-post-thumbnail","hentry","category-policiales"],"_links":{"self":[{"href":"https:\/\/corrientesdetarde.com\/index.php\/wp-json\/wp\/v2\/posts\/228876","targetHints":{"allow":["GET"]}}],"collection":[{"href":"https:\/\/corrientesdetarde.com\/index.php\/wp-json\/wp\/v2\/posts"}],"about":[{"href":"https:\/\/corrientesdetarde.com\/index.php\/wp-json\/wp\/v2\/types\/post"}],"author":[{"embeddable":true,"href":"https:\/\/corrientesdetarde.com\/index.php\/wp-json\/wp\/v2\/users\/6"}],"replies":[{"embeddable":true,"href":"https:\/\/corrientesdetarde.com\/index.php\/wp-json\/wp\/v2\/comments?post=228876"}],"version-history":[{"count":1,"href":"https:\/\/corrientesdetarde.com\/index.php\/wp-json\/wp\/v2\/posts\/228876\/revisions"}],"predecessor-version":[{"id":228881,"href":"https:\/\/corrientesdetarde.com\/index.php\/wp-json\/wp\/v2\/posts\/228876\/revisions\/228881"}],"wp:featuredmedia":[{"embeddable":true,"href":"https:\/\/corrientesdetarde.com\/index.php\/wp-json\/wp\/v2\/media\/228880"}],"wp:attachment":[{"href":"https:\/\/corrientesdetarde.com\/index.php\/wp-json\/wp\/v2\/media?parent=228876"}],"wp:term":[{"taxonomy":"category","embeddable":true,"href":"https:\/\/corrientesdetarde.com\/index.php\/wp-json\/wp\/v2\/categories?post=228876"},{"taxonomy":"post_tag","embeddable":true,"href":"https:\/\/corrientesdetarde.com\/index.php\/wp-json\/wp\/v2\/tags?post=228876"}],"curies":[{"name":"wp","href":"https:\/\/api.w.org\/{rel}","templated":true}]}}