{"id":228877,"date":"2025-09-27T09:26:20","date_gmt":"2025-09-27T12:26:20","guid":{"rendered":"https:\/\/corrientesdetarde.com\/?p=228877"},"modified":"2025-09-27T09:26:32","modified_gmt":"2025-09-27T12:26:32","slug":"dia-del-empleado-de-comercio-2025","status":"publish","type":"post","link":"https:\/\/corrientesdetarde.com\/index.php\/informacion-general\/dia-del-empleado-de-comercio-2025\/","title":{"rendered":"D\u00eda del Empleado de Comercio 2025."},"content":{"rendered":"\n<h2 class=\"wp-block-heading\">Los comercios permanecer\u00e1n cerrados y quienes trabajen deber\u00e1n cobrar el doble.<\/h2>\n\n\n\n<p>Cada a\u00f1o, el\u00a0<strong>26 de septiembre<\/strong>\u00a0se celebra en la Argentina el\u00a0<strong>D\u00eda del Empleado de Comercio<\/strong>, una fecha que reconoce a uno de los sectores laborales m\u00e1s numerosos del pa\u00eds y que tiene un fuerte impacto en la actividad comercial. Sin embargo, en 2025, al igual que en a\u00f1os anteriores, la jornada se trasladar\u00e1 para garantizar el descanso de los trabajadores y minimizar el efecto econ\u00f3mico en los comercios.<\/p>\n\n\n\n<h2 class=\"wp-block-heading\">Cu\u00e1ndo se celebra en 2025<\/h2>\n\n\n\n<p>En esta ocasi\u00f3n, el D\u00eda del Empleado de Comercio se trasladar\u00e1 al&nbsp;<strong>lunes 29 de septiembre<\/strong>, de acuerdo con lo establecido por la&nbsp;<strong>Federaci\u00f3n Argentina de Empleados de Comercio y Servicios (FAECYS)<\/strong>&nbsp;junto a las principales c\u00e1maras empresariales del sector.<\/p>\n\n\n\n<p>Esto implica que ese d\u00eda&nbsp;<strong>los negocios, supermercados y centros comerciales permanecer\u00e1n cerrados<\/strong>&nbsp;en gran parte del pa\u00eds, lo que otorgar\u00e1 a los trabajadores un descanso adicional y conformando un fin de semana largo.<\/p>\n\n\n\n<h2 class=\"wp-block-heading\">Por qu\u00e9 se traslada la fecha<\/h2>\n\n\n\n<p>El objetivo del traslado no es solo extender el descanso del sector mercantil, sino tambi\u00e9n&nbsp;<strong>evitar p\u00e9rdidas econ\u00f3micas<\/strong>: los viernes suelen ser d\u00edas de alta actividad en el comercio, por lo que mover la celebraci\u00f3n al lunes reduce el impacto en las ventas.<\/p>\n\n\n\n<p>En varias provincias, como R\u00edo Negro, el acuerdo busca adem\u00e1s&nbsp;<strong>institucionalizar<\/strong>&nbsp;el festejo cada \u00faltimo lunes de septiembre, generando previsibilidad tanto para los empleados como para las empresas.<\/p>\n\n\n\n<h2 class=\"wp-block-heading\">Qu\u00e9 establece la ley<\/h2>\n\n\n\n<p>El D\u00eda del Empleado de Comercio fue instituido por la&nbsp;<strong>Ley 26.541<\/strong>, sancionada el&nbsp;<strong>10 de diciembre de 2009<\/strong>, que fij\u00f3 al 26 de septiembre como la fecha oficial. Seg\u00fan la norma: \u201c<strong>En dicho d\u00eda los empleados de comercio no prestar\u00e1n labores, asimil\u00e1ndose el mismo a los feriados nacionales a todos los efectos legales<\/strong>\u201d.<\/p>\n\n\n\n<p>Esto significa que&nbsp;<strong>quienes no trabajen ese d\u00eda lo har\u00e1n con descanso pago<\/strong>, mientras que aquellos empleados convocados deber\u00e1n recibir el&nbsp;<strong>doble de la remuneraci\u00f3n habitual<\/strong>, tal como establece la Ley de Contrato de Trabajo.<\/p>\n\n\n\n<h2 class=\"wp-block-heading\">Origen de la conmemoraci\u00f3n<\/h2>\n\n\n\n<p>El 26 de septiembre de 1934 se promulg\u00f3 la&nbsp;<strong>Ley 11.729<\/strong>, que regul\u00f3 las relaciones laborales del sector y marc\u00f3 un antes y un despu\u00e9s en los derechos de los mercantiles, al incluir licencias por enfermedad, accidentes y la indemnizaci\u00f3n por despido. D\u00e9cadas m\u00e1s tarde, la lucha sindical permiti\u00f3 convertir esa fecha en un d\u00eda no laborable oficial.<\/p>\n","protected":false},"excerpt":{"rendered":"<p>Los comercios permanecer\u00e1n cerrados y quienes trabajen deber\u00e1n cobrar el doble. Cada a\u00f1o, el\u00a026 de septiembre\u00a0se celebra en la Argentina el\u00a0D\u00eda del Empleado de Comercio, una fecha que reconoce a&hellip; <\/p>\n","protected":false},"author":6,"featured_media":228882,"comment_status":"closed","ping_status":"open","sticky":false,"template":"","format":"standard","meta":{"footnotes":""},"categories":[1],"tags":[],"class_list":["post-228877","post","type-post","status-publish","format-standard","has-post-thumbnail","hentry","category-informacion-general"],"_links":{"self":[{"href":"https:\/\/corrientesdetarde.com\/index.php\/wp-json\/wp\/v2\/posts\/228877","targetHints":{"allow":["GET"]}}],"collection":[{"href":"https:\/\/corrientesdetarde.com\/index.php\/wp-json\/wp\/v2\/posts"}],"about":[{"href":"https:\/\/corrientesdetarde.com\/index.php\/wp-json\/wp\/v2\/types\/post"}],"author":[{"embeddable":true,"href":"https:\/\/corrientesdetarde.com\/index.php\/wp-json\/wp\/v2\/users\/6"}],"replies":[{"embeddable":true,"href":"https:\/\/corrientesdetarde.com\/index.php\/wp-json\/wp\/v2\/comments?post=228877"}],"version-history":[{"count":1,"href":"https:\/\/corrientesdetarde.com\/index.php\/wp-json\/wp\/v2\/posts\/228877\/revisions"}],"predecessor-version":[{"id":228883,"href":"https:\/\/corrientesdetarde.com\/index.php\/wp-json\/wp\/v2\/posts\/228877\/revisions\/228883"}],"wp:featuredmedia":[{"embeddable":true,"href":"https:\/\/corrientesdetarde.com\/index.php\/wp-json\/wp\/v2\/media\/228882"}],"wp:attachment":[{"href":"https:\/\/corrientesdetarde.com\/index.php\/wp-json\/wp\/v2\/media?parent=228877"}],"wp:term":[{"taxonomy":"category","embeddable":true,"href":"https:\/\/corrientesdetarde.com\/index.php\/wp-json\/wp\/v2\/categories?post=228877"},{"taxonomy":"post_tag","embeddable":true,"href":"https:\/\/corrientesdetarde.com\/index.php\/wp-json\/wp\/v2\/tags?post=228877"}],"curies":[{"name":"wp","href":"https:\/\/api.w.org\/{rel}","templated":true}]}}